{"id":3301,"date":"2010-07-17T21:32:14","date_gmt":"2010-07-17T20:32:14","guid":{"rendered":"http:\/\/kravallslojd.se\/wordpress\/?p=3301"},"modified":"2010-07-17T21:32:14","modified_gmt":"2010-07-17T20:32:14","slug":"hemslojdhallbarhetsant","status":"publish","type":"post","link":"https:\/\/kravallslojd.se\/wordpress\/?p=3301","title":{"rendered":"Hemsl\u00f6jd+h\u00e5llbarhet=sant"},"content":{"rendered":"<p style=\"text-align: left\"><a href=\"http:\/\/kravallslojd.se\/wordpress\/wp-content\/uploads\/2010\/07\/f\u00f6nster1.jpg\" ><img decoding=\"async\" loading=\"lazy\" class=\"alignright size-thumbnail wp-image-3321\" src=\"http:\/\/kravallslojd.se\/wordpress\/wp-content\/uploads\/2010\/07\/f\u00f6nster1-150x150.jpg\" alt=\"\" width=\"150\" height=\"150\" \/><\/a>Mina p\u00e5skgardiner har faktiskt suttit uppe till idag. Tryckta p\u00e5 70-talet med \u00a0p\u00e5skliljor p\u00e5 lakansl\u00e4rft, har dom st\u00e5tt sig f\u00f6rv\u00e5nadsv\u00e4rt bra.<br \/>\nMen nu k\u00e4nner jag att det\u00a0\u00e4r dags f\u00f6r sommargardiner. <a href=\"http:\/\/kravallslojd.se\/wordpress\/wp-content\/uploads\/2010\/07\/strykj\u00e4rn.jpg\" ><img decoding=\"async\" loading=\"lazy\" class=\"alignleft\" src=\"http:\/\/kravallslojd.se\/wordpress\/wp-content\/uploads\/2010\/07\/strykj\u00e4rn-224x300.jpg\" alt=\"\" width=\"224\" height=\"300\" \/><\/a>Dom h\u00e4r v\u00e4vde jag f\u00f6r \u00f6ver 30 \u00e5r sen , (bomull i varp och lin i inslag &#8211; teknik Munkab\u00e4lte.) och dom h\u00e5ller fortfarande. <a href=\"http:\/\/kravallslojd.se\/wordpress\/wp-content\/uploads\/2010\/07\/strykj\u00e4rn.jpg\" ><\/a>F\u00e4rgen kanske \u00e4r lite 70-tal, men det funkar i v\u00e5rt k\u00f6k \u00e4n i dag. Synd att man inte har en bred mangel s\u00e5 man slapp stryka.<\/p>\n<p><div id=\"attachment_3319\" style=\"width: 160px\" class=\"wp-caption alignright\"><a href=\"http:\/\/kravallslojd.se\/wordpress\/wp-content\/uploads\/2010\/07\/utifr\u00e5n.jpg\" ><img aria-describedby=\"caption-attachment-3319\" decoding=\"async\" loading=\"lazy\" class=\"size-thumbnail wp-image-3319\" src=\"http:\/\/kravallslojd.se\/wordpress\/wp-content\/uploads\/2010\/07\/utifr\u00e5n-150x150.jpg\" alt=\"\" width=\"150\" height=\"150\" \/><\/a><p id=\"caption-attachment-3319\" class=\"wp-caption-text\">Utifr\u00e5n<\/p><\/div><\/p>\n<p style=\"text-align: left\">\u00a0Nu n\u00e4r jag b\u00e5de putsat f\u00f6nster och moppat golv tycker jag att jag gjort r\u00e4tt f\u00f6r att slappa framf\u00f6r TVn en stund. Och vad \u00e4r sk\u00f6nare \u00e4n dricka\u00a0en kopp kaffe, \u00e4ta\u00a0en chokladbit och frivolitera till tonerna av Sahra Vaughan?<\/p>\n<div class=\"mceTemp\">\n<dl>\n<dt><a href=\"http:\/\/kravallslojd.se\/wordpress\/wp-content\/uploads\/2010\/07\/Frivolitete.jpg\" ><img decoding=\"async\" loading=\"lazy\" class=\"size-thumbnail wp-image-3324\" src=\"http:\/\/kravallslojd.se\/wordpress\/wp-content\/uploads\/2010\/07\/Frivolitete-150x150.jpg\" alt=\"\" width=\"150\" height=\"150\" \/><\/a><\/dt>\n<dd>Frivoliteter<\/dd>\n<\/dl>\n<p>Man kan anv\u00e4nda en skyttel eller en n\u00e5l n\u00e4r man sl\u00e5r frivoliteter. Det \u00e4r v\u00e4l en vanesak, men jag f\u00f6redrar n\u00e5len, f\u00f6r med den \u00e4r det enklare att repa upp om\u00a0man gjort fel. Hittade en film p\u00e5 YouTube som visar hur man g\u00f6r.\u00a0\u00a0<a target=\"_blank\" href=\"http:\/\/www.youtube.com\/watch?v=dtMR_XtTvTk\" >http:\/\/www.youtube.com\/watch?v=dtMR_XtTvTk<\/a>\u00a0och sen var det bara att best\u00e4lla efter n\u00e5lar. Har tyv\u00e4rr inte hittat n\u00e5n som s\u00e4ljer dom i Sverige, s\u00e5 jag fick best\u00e4lla fr\u00e5n USA.<\/p>\n<div class=\"mceTemp\">Tackar f\u00f6r denna vecka som g\u00e4stbloggare. Har ni v\u00e4garna f\u00f6rbi s\u00e5 \u00e4r ni v\u00e4lkomna att titta in p\u00e5 utst\u00e4llningen och ta en kopp kaffe. Mer information hittar ni p\u00e5 <a target=\"_blank\" href=\"http:\/\/www.algonet.se\/~ringvorg\" >www.algonet.se\/~ringvorg<\/a><\/div>\n<\/div>\n","protected":false},"excerpt":{"rendered":"<p>Mina p\u00e5skgardiner har faktiskt suttit uppe till idag. Tryckta p\u00e5 70-talet med \u00a0p\u00e5skliljor p\u00e5 lakansl\u00e4rft, har dom st\u00e5tt sig f\u00f6rv\u00e5nadsv\u00e4rt bra. Men nu k\u00e4nner jag att det\u00a0\u00e4r dags f\u00f6r sommargardiner. Dom h\u00e4r v\u00e4vde jag f\u00f6r \u00f6ver 30 \u00e5r sen , (bomull i varp och lin i inslag &#8211; teknik Munkab\u00e4lte.) och dom h\u00e5ller fortfarande. F\u00e4rgen [&hellip;]<\/p>\n","protected":false},"author":124,"featured_media":0,"comment_status":"open","ping_status":"open","sticky":false,"template":"","format":"standard","meta":[],"categories":[280],"tags":[281],"_links":{"self":[{"href":"https:\/\/kravallslojd.se\/wordpress\/index.php?rest_route=\/wp\/v2\/posts\/3301"}],"collection":[{"href":"https:\/\/kravallslojd.se\/wordpress\/index.php?rest_route=\/wp\/v2\/posts"}],"about":[{"href":"https:\/\/kravallslojd.se\/wordpress\/index.php?rest_route=\/wp\/v2\/types\/post"}],"author":[{"embeddable":true,"href":"https:\/\/kravallslojd.se\/wordpress\/index.php?rest_route=\/wp\/v2\/users\/124"}],"replies":[{"embeddable":true,"href":"https:\/\/kravallslojd.se\/wordpress\/index.php?rest_route=%2Fwp%2Fv2%2Fcomments&post=3301"}],"version-history":[{"count":10,"href":"https:\/\/kravallslojd.se\/wordpress\/index.php?rest_route=\/wp\/v2\/posts\/3301\/revisions"}],"predecessor-version":[{"id":3328,"href":"https:\/\/kravallslojd.se\/wordpress\/index.php?rest_route=\/wp\/v2\/posts\/3301\/revisions\/3328"}],"wp:attachment":[{"href":"https:\/\/kravallslojd.se\/wordpress\/index.php?rest_route=%2Fwp%2Fv2%2Fmedia&parent=3301"}],"wp:term":[{"taxonomy":"category","embeddable":true,"href":"https:\/\/kravallslojd.se\/wordpress\/index.php?rest_route=%2Fwp%2Fv2%2Fcategories&post=3301"},{"taxonomy":"post_tag","embeddable":true,"href":"https:\/\/kravallslojd.se\/wordpress\/index.php?rest_route=%2Fwp%2Fv2%2Ftags&post=3301"}],"curies":[{"name":"wp","href":"https:\/\/api.w.org\/{rel}","templated":true}]}}