{"id":3573,"date":"2010-08-30T11:20:15","date_gmt":"2010-08-30T10:20:15","guid":{"rendered":"http:\/\/kravallslojd.se\/wordpress\/?p=3573"},"modified":"2010-08-30T11:20:15","modified_gmt":"2010-08-30T10:20:15","slug":"yarn-diet-2011","status":"publish","type":"post","link":"https:\/\/kravallslojd.se\/wordpress\/?p=3573","title":{"rendered":"Yarn Diet 2011"},"content":{"rendered":"<p><a target=\"_blank\" href=\"http:\/\/farm5.static.flickr.com\/4030\/4583168789_43a3dd83f4_o.jpg\" ><img decoding=\"async\" loading=\"lazy\" class=\"alignnone\" src=\"http:\/\/farm5.static.flickr.com\/4030\/4583168789_43a3dd83f4_o.jpg\" alt=\"\" width=\"350\" height=\"467\" \/><\/a><\/p>\n<p>Nu \u00e4r det best\u00e4mt, jag skall k\u00f6ra en yarn diet under 2011, det blir v\u00e4l lite som ett ny\u00e5rsl\u00f6fte som komma skall och jag skall v\u00e4l f\u00f6rs\u00f6ka att f\u00e5 med fler av mina v\u00e4nner som \u00e4ven de har f\u00f6r mycket garn f\u00f6r sitt eget b\u00e4sta.<\/p>\n<p>N\u00e4r jag och min numer sambo skulle flytta ihop s\u00e5 var ju mitt garn det som fick honom att tvivla p\u00e5 att det skulle fungera och \u00e4nd\u00e5 s\u00e5 gjorde jag mig av med (gav bort allts\u00e5)<strong> 2<\/strong> <strong>sops\u00e4ckar<\/strong> med garn n\u00e4r jag flyttade och har <em>minst<\/em> lika mycket kvar och detta till trots s\u00e5 var jag\u00a0i \u00d6sterrike i 6 m\u00e5nader utan att garntillg\u00e5ngen v\u00e4xte markant. S\u00e5 nu k\u00e4ra v\u00e4nner s\u00e5 s\u00f6ker jag m\u00f6nster d\u00e4r man endats beh\u00f6ver restgarner eller inte s\u00e5 mycket av ett garn s\u00e5 att jag kan satsa p\u00e5 denna bantning totalt.<\/p>\n<p><strong>fyi;<\/strong> <em>yarn diet = garn banting<\/em>, och det \u00e4r inte s\u00e5 att det \u00e4r att jag ska \u00e4ta garn p\u00e5 n\u00e5got som helst s\u00e4tt (jag har f\u00e5tt den fr\u00e5gan f\u00f6rr), jag ska bara banta ner min stora samling med garn till en kanske vettigare m\u00e4ngd.<br \/>\nP\u00e5 bilden s\u00e5 \u00e4r en del av min fina samling, det \u00e4r mina garner som \u00e4r f\u00e4rgade med v\u00e4xtf\u00e4rger, ca 5 gram av varje f\u00e4rg och ca 150 f\u00e4rger som jag b\u00f6rjat sticka vantar av.<\/p>\n","protected":false},"excerpt":{"rendered":"<p>Nu \u00e4r det best\u00e4mt, jag skall k\u00f6ra en yarn diet under 2011, det blir v\u00e4l lite som ett ny\u00e5rsl\u00f6fte som komma skall och jag skall v\u00e4l f\u00f6rs\u00f6ka att f\u00e5 med fler av mina v\u00e4nner som \u00e4ven de har f\u00f6r mycket garn f\u00f6r sitt eget b\u00e4sta. N\u00e4r jag och min numer sambo skulle flytta ihop s\u00e5 [&hellip;]<\/p>\n","protected":false},"author":130,"featured_media":0,"comment_status":"open","ping_status":"open","sticky":false,"template":"","format":"standard","meta":[],"categories":[40],"tags":[],"_links":{"self":[{"href":"https:\/\/kravallslojd.se\/wordpress\/index.php?rest_route=\/wp\/v2\/posts\/3573"}],"collection":[{"href":"https:\/\/kravallslojd.se\/wordpress\/index.php?rest_route=\/wp\/v2\/posts"}],"about":[{"href":"https:\/\/kravallslojd.se\/wordpress\/index.php?rest_route=\/wp\/v2\/types\/post"}],"author":[{"embeddable":true,"href":"https:\/\/kravallslojd.se\/wordpress\/index.php?rest_route=\/wp\/v2\/users\/130"}],"replies":[{"embeddable":true,"href":"https:\/\/kravallslojd.se\/wordpress\/index.php?rest_route=%2Fwp%2Fv2%2Fcomments&post=3573"}],"version-history":[{"count":1,"href":"https:\/\/kravallslojd.se\/wordpress\/index.php?rest_route=\/wp\/v2\/posts\/3573\/revisions"}],"predecessor-version":[{"id":3574,"href":"https:\/\/kravallslojd.se\/wordpress\/index.php?rest_route=\/wp\/v2\/posts\/3573\/revisions\/3574"}],"wp:attachment":[{"href":"https:\/\/kravallslojd.se\/wordpress\/index.php?rest_route=%2Fwp%2Fv2%2Fmedia&parent=3573"}],"wp:term":[{"taxonomy":"category","embeddable":true,"href":"https:\/\/kravallslojd.se\/wordpress\/index.php?rest_route=%2Fwp%2Fv2%2Fcategories&post=3573"},{"taxonomy":"post_tag","embeddable":true,"href":"https:\/\/kravallslojd.se\/wordpress\/index.php?rest_route=%2Fwp%2Fv2%2Ftags&post=3573"}],"curies":[{"name":"wp","href":"https:\/\/api.w.org\/{rel}","templated":true}]}}