{"id":3583,"date":"2010-09-05T10:04:47","date_gmt":"2010-09-05T09:04:47","guid":{"rendered":"http:\/\/kravallslojd.se\/wordpress\/?p=3583"},"modified":"2010-09-05T10:08:17","modified_gmt":"2010-09-05T09:08:17","slug":"gamla-saker-blir-nya-saker","status":"publish","type":"post","link":"https:\/\/kravallslojd.se\/wordpress\/?p=3583","title":{"rendered":"Gamla saker blir nya saker"},"content":{"rendered":"<p>Ska jag vara \u00e4rlig s\u00e5 \u00e4r <em>inte <\/em>\u00e5terbruk min starka sida, jag \u00e4lskar \u00e5terbrukade saker och imponeras av s\u00e5dana som kan det men jag vet inte, jag tror att jag gillar nya saker, jag \u00e4r kanske f\u00e4rgad av det f\u00f6rbrukningssamh\u00e4lle som vi lever i eller s\u00e5 kanske jag bara \u00e4r dum. Men ibland s\u00e5 f\u00f6rs\u00f6ker jag i alla fall, som n\u00e4r jag sydde mig en kl\u00e4nning av gamla loppis-slipsar eller n\u00e4r jag stickade en v\u00e4ska i VHS-band eller varf\u00f6r inte den g\u00e5ngen d\u00e5 jag stickade n\u00e5got (jag vet \u00e4nnu inte riktigt vad) av plastp\u00e5sar fr\u00e5n systembolaget som blev rosa och fint.<\/p>\n<p>Har ni id\u00e9er som skulle kunna fungera f\u00f6r mig s\u00e5 att jag kan \u00e5terbruka lite mer s\u00e5 h\u00f6r av er f\u00f6r guds skull, jag ledsnar p\u00e5 att bara f\u00f6rbruka.<\/p>\n<p>H\u00e4r \u00e4r kl\u00e4nningen av slipsar:<\/p>\n<p><a target=\"_blank\" href=\"http:\/\/farm5.static.flickr.com\/4119\/4856549271_7e57bd86d3_o.jpg\" ><img decoding=\"async\" loading=\"lazy\" class=\"alignnone\" src=\"http:\/\/farm5.static.flickr.com\/4119\/4856549271_7e57bd86d3_o.jpg\" alt=\"\" width=\"504\" height=\"336\" \/><\/a><\/p>\n<p>Just nu s\u00e5 p\u00e5g\u00e5r ocks\u00e5 ett stort projekt i v\u00e5rt hem, jag och min sedan 3 m\u00e5nader tillbaka sambo f\u00f6rs\u00f6ker att f\u00e5 v\u00e5ra hem och v\u00e5ra liv att g\u00e5 ihop, det \u00e4r inte alltid det l\u00e4ttaste n\u00e4r man gillar s\u00e5 totalt olika saker + att jag tar upp ett helt rum sj\u00e4lv med mina sl\u00f6jdattiraljer, jag skulle inte vara s\u00e5 n\u00f6jd om han skulle f\u00e5 f\u00f6r sig att ta upp ett helt rum med n\u00e5got som inte intresserar mig det minsta.<\/p>\n<p><a target=\"_blank\" href=\"http:\/\/farm5.static.flickr.com\/4080\/4830111135_93253f04e9_o.jpg\" ><img decoding=\"async\" loading=\"lazy\" src=\"http:\/\/farm5.static.flickr.com\/4080\/4830111135_93253f04e9_o.jpg\" alt=\"\" width=\"525\" height=\"350\" \/><\/a><\/p>\n<p>Denna byr\u00e5 som jag s\u00e5 fint m\u00e5lade \u00e4r ett perfekt exempel p\u00e5 en s\u00e5dan sak som m\u00e5ste kompromissas, jag fick en byr\u00e5 av hans mamma, jag blev j\u00e4tteglad, han hatar visst byr\u00e5er (jag gillar dem och har inte n\u00e5gon som helst f\u00f6rst\u00e5else f\u00f6r hans hat) och jag sa; &#8217;jag ska m\u00e5la den och byta knoppar&#8217; sagt och gjort, jag gjorde det och han blev r\u00e4tt n\u00f6jd, han kanske i och f\u00f6r sig inte v\u00e5ga s\u00e4ga n\u00e5got eftersom jag m\u00e5lat p\u00e5 den aaaaaalldeles sj\u00e4lv.<\/p>\n<p>Vi var \u00e4ven p\u00e5 IKEA f\u00f6r att k\u00f6pa s\u00e5dant som man beh\u00f6ver som inredning till garderober och taklampor och annat skr\u00e4p (\u00e5terigen detta konsumtionssamh\u00e4lle) och jag tror att det var n\u00e4ra att vi skulle g\u00e5 varsin v\u00e4g d\u00e5 eftersom det inte \u00e4r att leka med.<\/p>\n<p>Allt detta till trots s\u00e5 \u00e4r jag glad f\u00f6r att han l\u00e5ter mig ha mina b\u00f6cker i en bokhylla, han l\u00e5ter mig fylla hela f\u00f6rr\u00e5det med mina garner och till min f\u00f6rv\u00e5ning s\u00e5 gick han med p\u00e5 att jag fick st\u00e4lla upp min v\u00e4vstol i v\u00e5rt extrarum. S\u00e5dant g\u00f6r en gammal sl\u00f6jdtant lycklig \u00e4nda in i sj\u00e4len.<\/p>\n<p>Med detta inl\u00e4gg s\u00e5 tackar jag f\u00f6r mig f\u00f6r denna g\u00e5ng och passar p\u00e5 att be om urs\u00e4kt f\u00f6r den sporadiska bloggningen, jag kanske \u00e5terkommer och d\u00e5 ska jag nog vara b\u00e4ttre skulle jag tro. (:<\/p>\n<p>K\u00e4rlek<\/p>\n","protected":false},"excerpt":{"rendered":"<p>Ska jag vara \u00e4rlig s\u00e5 \u00e4r inte \u00e5terbruk min starka sida, jag \u00e4lskar \u00e5terbrukade saker och imponeras av s\u00e5dana som kan det men jag vet inte, jag tror att jag gillar nya saker, jag \u00e4r kanske f\u00e4rgad av det f\u00f6rbrukningssamh\u00e4lle som vi lever i eller s\u00e5 kanske jag bara \u00e4r dum. Men ibland s\u00e5 f\u00f6rs\u00f6ker [&hellip;]<\/p>\n","protected":false},"author":130,"featured_media":0,"comment_status":"open","ping_status":"open","sticky":false,"template":"","format":"standard","meta":[],"categories":[40],"tags":[179,350,349],"_links":{"self":[{"href":"https:\/\/kravallslojd.se\/wordpress\/index.php?rest_route=\/wp\/v2\/posts\/3583"}],"collection":[{"href":"https:\/\/kravallslojd.se\/wordpress\/index.php?rest_route=\/wp\/v2\/posts"}],"about":[{"href":"https:\/\/kravallslojd.se\/wordpress\/index.php?rest_route=\/wp\/v2\/types\/post"}],"author":[{"embeddable":true,"href":"https:\/\/kravallslojd.se\/wordpress\/index.php?rest_route=\/wp\/v2\/users\/130"}],"replies":[{"embeddable":true,"href":"https:\/\/kravallslojd.se\/wordpress\/index.php?rest_route=%2Fwp%2Fv2%2Fcomments&post=3583"}],"version-history":[{"count":3,"href":"https:\/\/kravallslojd.se\/wordpress\/index.php?rest_route=\/wp\/v2\/posts\/3583\/revisions"}],"predecessor-version":[{"id":3585,"href":"https:\/\/kravallslojd.se\/wordpress\/index.php?rest_route=\/wp\/v2\/posts\/3583\/revisions\/3585"}],"wp:attachment":[{"href":"https:\/\/kravallslojd.se\/wordpress\/index.php?rest_route=%2Fwp%2Fv2%2Fmedia&parent=3583"}],"wp:term":[{"taxonomy":"category","embeddable":true,"href":"https:\/\/kravallslojd.se\/wordpress\/index.php?rest_route=%2Fwp%2Fv2%2Fcategories&post=3583"},{"taxonomy":"post_tag","embeddable":true,"href":"https:\/\/kravallslojd.se\/wordpress\/index.php?rest_route=%2Fwp%2Fv2%2Ftags&post=3583"}],"curies":[{"name":"wp","href":"https:\/\/api.w.org\/{rel}","templated":true}]}}