{"id":3753,"date":"2010-10-04T07:16:37","date_gmt":"2010-10-04T06:16:37","guid":{"rendered":"http:\/\/kravallslojd.se\/wordpress\/?p=3753"},"modified":"2010-10-04T07:16:37","modified_gmt":"2010-10-04T06:16:37","slug":"antligen","status":"publish","type":"post","link":"https:\/\/kravallslojd.se\/wordpress\/?p=3753","title":{"rendered":"\u00c4ntligen!"},"content":{"rendered":"<p><div id=\"attachment_3756\" style=\"width: 318px\" class=\"wp-caption aligncenter\"><a href=\"http:\/\/kravallslojd.se\/wordpress\/wp-content\/uploads\/2010\/10\/T\u00e5rtan-1362.jpg\" ><img aria-describedby=\"caption-attachment-3756\" decoding=\"async\" loading=\"lazy\" class=\"size-medium wp-image-3756\" src=\"http:\/\/kravallslojd.se\/wordpress\/wp-content\/uploads\/2010\/10\/T\u00e5rtan-1362-300x224.jpg\" alt=\"\" width=\"308\" height=\"236\" \/><\/a><p id=\"caption-attachment-3756\" class=\"wp-caption-text\">Evighetst\u00e5rtan<\/p><\/div><\/p>\n<p>\u00c4ntligen dags att dela med sig av min sl\u00f6jdande vardag med resten av v\u00e4rlden! Den h\u00e4r veckan g\u00e5r i utmaningens tecken. P\u00e5 fyra dagar ska 120 elever tillsammans med personal piffa till en h\u00f6gst ordin\u00e4r korridor i en F-9 skola i Bromma. Bygga b\u00e4nkar, m\u00e5la b\u00e4nkar, sy gardiner, sy draperier, m\u00e5la och dekorera v\u00e4ggar mm Men f\u00f6r att det nu inte ska bli alldeles f\u00f6r intressant, kreativt och sp\u00e4nnande p\u00e5 en g\u00e5ng s\u00e5 b\u00f6rjar vi p\u00e5 tisdag eftersom dagen \u00e4r vikt f\u00f6r studiedag\u2026S\u00e5 tills vi har kommit ig\u00e5ng f\u00e5r ni alla som l\u00e4ser h\u00e5lla tillgodo med lite t\u00e5rta, f\u00f6r idag \u00e4r det\u00a0 n\u00e4mligen min f\u00f6delsedag!<\/p>\n","protected":false},"excerpt":{"rendered":"<p>\u00c4ntligen dags att dela med sig av min sl\u00f6jdande vardag med resten av v\u00e4rlden! Den h\u00e4r veckan g\u00e5r i utmaningens tecken. P\u00e5 fyra dagar ska 120 elever tillsammans med personal piffa till en h\u00f6gst ordin\u00e4r korridor i en F-9 skola i Bromma. Bygga b\u00e4nkar, m\u00e5la b\u00e4nkar, sy gardiner, sy draperier, m\u00e5la och dekorera v\u00e4ggar mm [&hellip;]<\/p>\n","protected":false},"author":134,"featured_media":3754,"comment_status":"open","ping_status":"open","sticky":false,"template":"","format":"standard","meta":[],"categories":[376],"tags":[],"_links":{"self":[{"href":"https:\/\/kravallslojd.se\/wordpress\/index.php?rest_route=\/wp\/v2\/posts\/3753"}],"collection":[{"href":"https:\/\/kravallslojd.se\/wordpress\/index.php?rest_route=\/wp\/v2\/posts"}],"about":[{"href":"https:\/\/kravallslojd.se\/wordpress\/index.php?rest_route=\/wp\/v2\/types\/post"}],"author":[{"embeddable":true,"href":"https:\/\/kravallslojd.se\/wordpress\/index.php?rest_route=\/wp\/v2\/users\/134"}],"replies":[{"embeddable":true,"href":"https:\/\/kravallslojd.se\/wordpress\/index.php?rest_route=%2Fwp%2Fv2%2Fcomments&post=3753"}],"version-history":[{"count":3,"href":"https:\/\/kravallslojd.se\/wordpress\/index.php?rest_route=\/wp\/v2\/posts\/3753\/revisions"}],"predecessor-version":[{"id":3759,"href":"https:\/\/kravallslojd.se\/wordpress\/index.php?rest_route=\/wp\/v2\/posts\/3753\/revisions\/3759"}],"wp:featuredmedia":[{"embeddable":true,"href":"https:\/\/kravallslojd.se\/wordpress\/index.php?rest_route=\/wp\/v2\/media\/3754"}],"wp:attachment":[{"href":"https:\/\/kravallslojd.se\/wordpress\/index.php?rest_route=%2Fwp%2Fv2%2Fmedia&parent=3753"}],"wp:term":[{"taxonomy":"category","embeddable":true,"href":"https:\/\/kravallslojd.se\/wordpress\/index.php?rest_route=%2Fwp%2Fv2%2Fcategories&post=3753"},{"taxonomy":"post_tag","embeddable":true,"href":"https:\/\/kravallslojd.se\/wordpress\/index.php?rest_route=%2Fwp%2Fv2%2Ftags&post=3753"}],"curies":[{"name":"wp","href":"https:\/\/api.w.org\/{rel}","templated":true}]}}