{"id":426,"date":"2007-11-16T22:58:44","date_gmt":"2007-11-16T20:58:44","guid":{"rendered":"http:\/\/kravallslojd.se\/bloggen\/?p=404"},"modified":"2007-11-16T22:58:44","modified_gmt":"2007-11-16T20:58:44","slug":"blah","status":"publish","type":"post","link":"https:\/\/kravallslojd.se\/wordpress\/?p=426","title":{"rendered":"Bl\u00e4h!"},"content":{"rendered":"<p>Det har vart en tung vecka. Inte att det vart f\u00f6r mycket att g\u00f6ra direkt, mer att jag har varit r\u00e4tt l\u00e5g och missantropisk de senaste dagarna och v\u00e4ldigt omotiverad, snudd p\u00e5 apatisk. Kanske \u00e4r det uppsatsluften som g\u00e5tt ur. Kanske \u00e4r det m\u00f6rkret \u00e4ven om jag aldrig f\u00f6rst\u00e5tt grejen med h\u00f6stdepressioner.. I vilket fall s\u00e5 har jag inte tagit mig f\u00f6r s\u00e5 mycket v\u00e4rt att skriva om. Och allt vad diskussioner heter st\u00e5r mig upp i halsen just nu s\u00e5 n\u00e5gra fina filosofier eller direkta debattinl\u00e4gg har jag ingen lust att leverera.<\/p>\n<p>D\u00e4remot kan jag s\u00e4ga som s\u00e5 att jag upph\u00f6r aldrig att f\u00f6rv\u00e5nas \u00f6ver hur mycket som kan s\u00e4gas om v\u00e4ldigt lite. Att det finns folk i min direkta omgivning som kan konsten att starta och h\u00e5lla ig\u00e5ng l\u00e5nga diskussioner om verkliga bagateller eller problematisera den allra enklaste uppgift och g\u00f6ra l\u00f6sningen till ett imponerande omfattande projekt. M\u00e5nga ord, lite subststans helt enkelt.<\/p>\n<p>Detta f\u00e5r mig att fundera \u00f6ver genus. Jag betraktar mig sj\u00e4lv som feminist. Jag tror inte att det \u00e4r s\u00e5 stor biologisk skillnad mellan k\u00f6nen och f\u00f6rv\u00e4ntar mig inte att personer ska va p\u00e5 ett eller annat s\u00e4tt beroende p\u00e5 det. Personligen avskyr jag att d\u00f6mas p\u00e5 f\u00f6rhand efter mitt k\u00f6n, vilket givetvis h\u00e4nder titt som t\u00e4tt. Men det <em>\u00e4r<\/em> ocks\u00e5 skillnader. Ju mer jag r\u00f6r mig mellan olika grupper ju mer undrar jag om de inte \u00e4r st\u00f6rre \u00e4n jag egentligen vill tro och hur mycket som kan skyllas p\u00e5 samh\u00e4llets f\u00f6rdomar och normer. I de energit\u00f6mmande diskussioner jag n\u00e4mnde ovan \u00e4r fem sj\u00e4ttedelar kvinnor. Andra likartade konstellationer jag betraktat har ofta haft likartade problem. Jag har ocks\u00e5 varit del av grupper som haft en omv\u00e4nd k\u00f6nsf\u00f6rdelning och d\u00e4r dessa problem aldrig uppst\u00e5tt.<\/p>\n<p>Oj. Nu blev det visst n\u00e5got av ett debattinl\u00e4gg i alla fall. Bra. Vill bara klarg\u00f6ra att jag inte menar att rena grabbgrupper \u00e4r problemfria eller b\u00e4ttre. Bara annorlunda.<\/p>\n<p>&nbsp;<\/p>\n<p>Demokrati i alla \u00e4ra, men det KAN g\u00e5 till \u00f6verdrift. Godkv\u00e4ll o sov gott!<br \/>\n\/ Tobbe<\/p>\n","protected":false},"excerpt":{"rendered":"<p>Det har vart en tung vecka. Inte att det vart f\u00f6r mycket att g\u00f6ra direkt, mer att jag har varit r\u00e4tt l\u00e5g och missantropisk de senaste dagarna och v\u00e4ldigt omotiverad, snudd p\u00e5 apatisk. Kanske \u00e4r det uppsatsluften som g\u00e5tt ur. Kanske \u00e4r det m\u00f6rkret \u00e4ven om jag aldrig f\u00f6rst\u00e5tt grejen med h\u00f6stdepressioner.. I vilket fall [&hellip;]<\/p>\n","protected":false},"author":41,"featured_media":0,"comment_status":"open","ping_status":"closed","sticky":false,"template":"","format":"standard","meta":[],"categories":[86],"tags":[],"_links":{"self":[{"href":"https:\/\/kravallslojd.se\/wordpress\/index.php?rest_route=\/wp\/v2\/posts\/426"}],"collection":[{"href":"https:\/\/kravallslojd.se\/wordpress\/index.php?rest_route=\/wp\/v2\/posts"}],"about":[{"href":"https:\/\/kravallslojd.se\/wordpress\/index.php?rest_route=\/wp\/v2\/types\/post"}],"author":[{"embeddable":true,"href":"https:\/\/kravallslojd.se\/wordpress\/index.php?rest_route=\/wp\/v2\/users\/41"}],"replies":[{"embeddable":true,"href":"https:\/\/kravallslojd.se\/wordpress\/index.php?rest_route=%2Fwp%2Fv2%2Fcomments&post=426"}],"version-history":[{"count":0,"href":"https:\/\/kravallslojd.se\/wordpress\/index.php?rest_route=\/wp\/v2\/posts\/426\/revisions"}],"wp:attachment":[{"href":"https:\/\/kravallslojd.se\/wordpress\/index.php?rest_route=%2Fwp%2Fv2%2Fmedia&parent=426"}],"wp:term":[{"taxonomy":"category","embeddable":true,"href":"https:\/\/kravallslojd.se\/wordpress\/index.php?rest_route=%2Fwp%2Fv2%2Fcategories&post=426"},{"taxonomy":"post_tag","embeddable":true,"href":"https:\/\/kravallslojd.se\/wordpress\/index.php?rest_route=%2Fwp%2Fv2%2Ftags&post=426"}],"curies":[{"name":"wp","href":"https:\/\/api.w.org\/{rel}","templated":true}]}}