{"id":427,"date":"2007-11-17T20:25:00","date_gmt":"2007-11-17T18:25:00","guid":{"rendered":"http:\/\/kravallslojd.se\/bloggen\/?p=405"},"modified":"2007-11-17T20:25:00","modified_gmt":"2007-11-17T18:25:00","slug":"kids","status":"publish","type":"post","link":"https:\/\/kravallslojd.se\/wordpress\/?p=427","title":{"rendered":"Kids"},"content":{"rendered":"<p>Ungar kan va r\u00e4tt charmiga. Speciellt n\u00e4r de f\u00e5r g\u00f6ra n\u00e5t de tycker \u00e4r kul och \u00e4r glada. \u2013 Och n\u00e4r f\u00f6r\u00e4ldrarna tar hand om dom som inte \u00e4r glada.. Jag har har n\u00e4mligen varit i Nyk\u00f6ping idag och t\u00e4ljt med barn. Biblioteket d\u00e4r anordnade en Astrid Lindgrendag med olika aktiviteter och hos oss fick ungarna \u201dt\u00e4lja som Emil\u201d, \u00e4ven om det blev mest sm\u00e5 tomtar och barkb\u00e5tar snarare \u00e4n snidade gubbar. Men jag som \u00e4r uppvuxen med Emil, Ronja, Pippi och alla andra mina barndoms hj\u00e4ltar tycker det \u00e4r j\u00e4kligt roligt att se alla dessa knattar som 20 \u00e5r senare l\u00e4ser samma b\u00f6cker, samma sagor. Det \u00e4r kul och tyv\u00e4rr inte s\u00e5 vanligt att s\u00e5 m\u00e5nga generationer (m\u00e5nga barn var d\u00e4r med \u00e4ldre sl\u00e4ktingar) \u00e4r delaktiga i samma sak. Barnen t\u00e4ljer och de vuxna hj\u00e4lper till. Och allt kretsar kring n\u00e5nting som alla har en personlig relation till, Astrids sagofigurer. Det i sig tycker jag \u00e4r r\u00e4tt fachinerande.<\/p>\n<p>Idag fick jag en mer positiv erfarenhet av SJ-resandet som f\u00e5r v\u00e4ga upp min strapats i tisdags. Idag var jag n\u00e4mligen inte alls lika v\u00e4lplanerad som d\u00e5 utan missade faktiskt tiden n\u00e4r mitt t\u00e5g skulle g\u00e5 och trodde att jag missat det. Men n\u00e4r jag kom fram till stationen var t\u00e5gen en kvart f\u00f6rsenat s\u00e5 min tajming vart helt perfekt.<\/p>\n<p>&nbsp;<\/p>\n<p>Nu blir det visst festdags.. Godkv\u00e4ll!<\/p>\n","protected":false},"excerpt":{"rendered":"<p>Ungar kan va r\u00e4tt charmiga. Speciellt n\u00e4r de f\u00e5r g\u00f6ra n\u00e5t de tycker \u00e4r kul och \u00e4r glada. \u2013 Och n\u00e4r f\u00f6r\u00e4ldrarna tar hand om dom som inte \u00e4r glada.. Jag har har n\u00e4mligen varit i Nyk\u00f6ping idag och t\u00e4ljt med barn. Biblioteket d\u00e4r anordnade en Astrid Lindgrendag med olika aktiviteter och hos oss fick [&hellip;]<\/p>\n","protected":false},"author":41,"featured_media":0,"comment_status":"open","ping_status":"closed","sticky":false,"template":"","format":"standard","meta":[],"categories":[86],"tags":[],"_links":{"self":[{"href":"https:\/\/kravallslojd.se\/wordpress\/index.php?rest_route=\/wp\/v2\/posts\/427"}],"collection":[{"href":"https:\/\/kravallslojd.se\/wordpress\/index.php?rest_route=\/wp\/v2\/posts"}],"about":[{"href":"https:\/\/kravallslojd.se\/wordpress\/index.php?rest_route=\/wp\/v2\/types\/post"}],"author":[{"embeddable":true,"href":"https:\/\/kravallslojd.se\/wordpress\/index.php?rest_route=\/wp\/v2\/users\/41"}],"replies":[{"embeddable":true,"href":"https:\/\/kravallslojd.se\/wordpress\/index.php?rest_route=%2Fwp%2Fv2%2Fcomments&post=427"}],"version-history":[{"count":0,"href":"https:\/\/kravallslojd.se\/wordpress\/index.php?rest_route=\/wp\/v2\/posts\/427\/revisions"}],"wp:attachment":[{"href":"https:\/\/kravallslojd.se\/wordpress\/index.php?rest_route=%2Fwp%2Fv2%2Fmedia&parent=427"}],"wp:term":[{"taxonomy":"category","embeddable":true,"href":"https:\/\/kravallslojd.se\/wordpress\/index.php?rest_route=%2Fwp%2Fv2%2Fcategories&post=427"},{"taxonomy":"post_tag","embeddable":true,"href":"https:\/\/kravallslojd.se\/wordpress\/index.php?rest_route=%2Fwp%2Fv2%2Ftags&post=427"}],"curies":[{"name":"wp","href":"https:\/\/api.w.org\/{rel}","templated":true}]}}