{"id":4309,"date":"2011-02-12T20:55:20","date_gmt":"2011-02-12T19:55:20","guid":{"rendered":"http:\/\/kravallslojd.se\/wordpress\/?p=4309"},"modified":"2011-02-12T20:55:20","modified_gmt":"2011-02-12T19:55:20","slug":"bronsgjutningen","status":"publish","type":"post","link":"https:\/\/kravallslojd.se\/wordpress\/?p=4309","title":{"rendered":"Bronsgjutningen."},"content":{"rendered":"<p><span style=\"font-family: Arial,sans-serif\"><span style=\"font-size: small\">Idag var det gjutningsdags. Vi str\u00e5lade upp p\u00e5 gjuteriet p\u00e5 f\u00f6rmiddagen och satte ig\u00e5ng bronsugnen, tog ut och st\u00e4llde upp formarna. Noomi och jag gjorde en koll p\u00e5 hur vi skulle g\u00e5 och h\u00e4lla n\u00e4r formarna var utst\u00e4llda och sedan inv\u00e4ntade vi att bronset skulle bli tillr\u00e4ckligt varmt. Sj\u00e4lva ih\u00e4llningen fungerade j\u00e4ttebra, jag lyckades dock sikta fel i en utav formarna s\u00e5 att det skv\u00e4tte iv\u00e4g lite brons, men ut\u00f6ver det gick det felfritt. <\/span><\/span><\/p>\n<p><div id=\"attachment_4321\" style=\"width: 222px\" class=\"wp-caption aligncenter\"><a href=\"http:\/\/kravallslojd.se\/wordpress\/wp-content\/uploads\/2011\/02\/Upplyftning-av-degeln2.jpg\" ><img aria-describedby=\"caption-attachment-4321\" decoding=\"async\" loading=\"lazy\" class=\"size-medium wp-image-4321\" src=\"http:\/\/kravallslojd.se\/wordpress\/wp-content\/uploads\/2011\/02\/Upplyftning-av-degeln2-212x300.jpg\" alt=\"\" width=\"212\" height=\"300\" srcset=\"https:\/\/kravallslojd.se\/wordpress\/wp-content\/uploads\/2011\/02\/Upplyftning-av-degeln2-212x300.jpg 212w, https:\/\/kravallslojd.se\/wordpress\/wp-content\/uploads\/2011\/02\/Upplyftning-av-degeln2.jpg 340w\" sizes=\"(max-width: 212px) 100vw, 212px\" \/><\/a><p id=\"caption-attachment-4321\" class=\"wp-caption-text\">Degeln lyfts upp ur ugnen. Jag p\u00e5 v\u00e4nster sida och Noomi p\u00e5 h\u00f6ger.  Foto: Carina<\/p><\/div><\/p>\n<p><div id=\"attachment_4322\" style=\"width: 160px\" class=\"wp-caption aligncenter\"><a href=\"http:\/\/kravallslojd.se\/wordpress\/wp-content\/uploads\/2011\/02\/Gjutbild-13.jpg\" ><img aria-describedby=\"caption-attachment-4322\" decoding=\"async\" loading=\"lazy\" class=\"size-thumbnail wp-image-4322\" src=\"http:\/\/kravallslojd.se\/wordpress\/wp-content\/uploads\/2011\/02\/Gjutbild-13-150x150.jpg\" alt=\"\" width=\"150\" height=\"150\" \/><\/a><p id=\"caption-attachment-4322\" class=\"wp-caption-text\">Brons h\u00e4lls i f\u00f6rsta formen. Foto: Carina<\/p><\/div><\/p>\n<p><div id=\"attachment_4323\" style=\"width: 160px\" class=\"wp-caption aligncenter\"><a href=\"http:\/\/kravallslojd.se\/wordpress\/wp-content\/uploads\/2011\/02\/Gjutbild-21.jpg\" ><img aria-describedby=\"caption-attachment-4323\" decoding=\"async\" loading=\"lazy\" class=\"size-thumbnail wp-image-4323\" src=\"http:\/\/kravallslojd.se\/wordpress\/wp-content\/uploads\/2011\/02\/Gjutbild-21-150x150.jpg\" alt=\"\" width=\"150\" height=\"150\" \/><\/a><p id=\"caption-attachment-4323\" class=\"wp-caption-text\">Den lilla missen i h\u00e4llandet. Foto: Carina<\/p><\/div><\/p>\n<p><div id=\"attachment_4324\" style=\"width: 160px\" class=\"wp-caption aligncenter\"><a href=\"http:\/\/kravallslojd.se\/wordpress\/wp-content\/uploads\/2011\/02\/degeln1.jpg\" ><img aria-describedby=\"caption-attachment-4324\" decoding=\"async\" loading=\"lazy\" class=\"size-thumbnail wp-image-4324\" src=\"http:\/\/kravallslojd.se\/wordpress\/wp-content\/uploads\/2011\/02\/degeln1-150x150.jpg\" alt=\"\" width=\"150\" height=\"150\" \/><\/a><p id=\"caption-attachment-4324\" class=\"wp-caption-text\">Dagens degelbild.<\/p><\/div><\/p>\n<p><span style=\"font-family: Arial,sans-serif\"><span style=\"font-size: small\">Det \u00e4r flytande brons, det \u00e4r v\u00e4rme och det \u00e4r intensivt. Jag kan inget annat \u00e4n att \u00e4lska det. Dom g\u00e5nger jag varit med p\u00e5 n\u00e5gon sida utav degeln har jag n\u00e4stan alltid t\u00e4nkt att \u201ddet h\u00e4r, det h\u00e4r skulle jag kunna g\u00f6ra varje dag och vara riktigt lycklig!\u201d. Men jag kommer \u00e4ven ih\u00e5g att jag hade samma k\u00e4nsla n\u00e4r jag b\u00f6rjade svetsutbildningen f\u00f6rra \u00e5ret. Efter ett halv\u00e5r med daglig svetsning hade det klingat av. Nog f\u00f6r att jag fortfarande tycker att det \u00e4r riktigt roligt att svetsa, men n\u00e5gonstans \u00f6verg\u00e5r det till en vardag, det \u00e4r fortfarande en k\u00e4rlek men inte lika intensiv, inte lika k\u00e4nnbar. Och jag skulle tippa p\u00e5 att det \u00e4ven kommer att g\u00e4lla bronsgjutningen s\u00e5 sm\u00e5ningom, om jag f\u00e5r n\u00f6jet att kunna forts\u00e4tta. Jag tror att det \u00e4r intensiteten jag gillar, koncentrationen man m\u00e5ste ha, respekten och vetskapen om vad man h\u00e5ller p\u00e5 med &#8211; men att den vetskapen inte f\u00e5r \u00f6verg\u00e5 i att man blir \u00e4ngslig. <\/span><\/span><\/p>\n<p><span style=\"font-family: Arial,sans-serif\"><span style=\"font-size: small\">Efter att vi h\u00e4llt brons i alla formarna tog vi oss en l\u00e5ngfika. Eftersom vi alla var v\u00e4ldigt nyfikna p\u00e5 hur det hade g\u00e5tt och inte riktigt hade t\u00e5lamod att v\u00e4nta till morgondagen med att \u00f6ppna formarna, s\u00e5 satte vi helt enkelt ig\u00e5ng. Bronset var fortfarande r\u00e4tt varmt s\u00e5 det var bara att sl\u00e4nga p\u00e5 sig handskarna och se till att inte h\u00e5lla i f\u00f6rem\u00e5len f\u00f6r l\u00e4nge.<\/span><\/span><\/p>\n<p><div id=\"attachment_4318\" style=\"width: 274px\" class=\"wp-caption aligncenter\"><a href=\"http:\/\/kravallslojd.se\/wordpress\/wp-content\/uploads\/2011\/02\/Asa-hackar.jpg\" ><img aria-describedby=\"caption-attachment-4318\" decoding=\"async\" loading=\"lazy\" class=\"size-medium wp-image-4318\" src=\"http:\/\/kravallslojd.se\/wordpress\/wp-content\/uploads\/2011\/02\/Asa-hackar-264x300.jpg\" alt=\"\" width=\"264\" height=\"300\" srcset=\"https:\/\/kravallslojd.se\/wordpress\/wp-content\/uploads\/2011\/02\/Asa-hackar-264x300.jpg 264w, https:\/\/kravallslojd.se\/wordpress\/wp-content\/uploads\/2011\/02\/Asa-hackar.jpg 352w\" sizes=\"(max-width: 264px) 100vw, 264px\" \/><\/a><p id=\"caption-attachment-4318\" class=\"wp-caption-text\">\u00c5sa hackar bort formmassan fr\u00e5n sin brons.<\/p><\/div><\/p>\n<p><span style=\"font-family: Arial,sans-serif\"><span style=\"font-size: small\">N\u00e4r vi f\u00e5tt upp v\u00e5ra formar och gjort rent dom en smula kunde vi konstatera att dom inte blivit s\u00e5 d\u00e4r j\u00e4ttebra. Dom st\u00f6rre objekten hade relativt m\u00e5nga h\u00e5l i sig, f\u00f6rmodligen fr\u00e5n k\u00e4rngaserna och\/eller sugningar i bronset, och det fanns en och annan brons som hade kunnat ha kanals\u00e4ttningen annorlunda. I morgon f\u00e5r vi fundera \u00f6ver om vi ska fixa felen, med allt jobb det inneb\u00e4r, eller om vi helt enkelt ska g\u00f6ra nya vaxer och planera in en till gjutning fram\u00f6ver. Eller b\u00e5de och.<\/span><\/span><\/p>\n<p><span style=\"font-family: Arial,sans-serif\"><span style=\"font-size: small\">Ironiskt nog blev mina tv\u00e5 blommor som bara gjordes som test b\u00e4st, nog f\u00f6r att dom var v\u00e4ldigt okomplicerade j\u00e4mf\u00f6rt med dom andra formarna, och bronset orkade sig faktiskt r\u00e4tt l\u00e5ngt ut i kanterna trots att det var s\u00e5 tunt. Nu \u00e4r dock inte alla formar \u00e4nnu \u00f6ppnade, Jenny som inte kunde vara med under dagen har sina tv\u00e5 formar kvar att kn\u00e4cka. Jag hoppas verkligen att det blir riktigt bra avgjutningar. Men trots att bronsen helt klart kunde blivit mycket b\u00e4ttre s\u00e5 har i alla fall jag haft n\u00e5gra roliga dagar, men s\u00e5 blir det ju oftast n\u00e4r man f\u00e5r umg\u00e5s med riktigt h\u00e4rliga m\u00e4nniskor och h\u00e5lla p\u00e5 med det man tycker om.<\/span><\/span><\/p>\n<p style=\"text-align: center\">\n<p><div id=\"attachment_4319\" style=\"width: 191px\" class=\"wp-caption aligncenter\"><a href=\"http:\/\/kravallslojd.se\/wordpress\/wp-content\/uploads\/2011\/02\/Blommorna.jpg\" ><img aria-describedby=\"caption-attachment-4319\" decoding=\"async\" loading=\"lazy\" class=\"size-medium wp-image-4319 \" src=\"http:\/\/kravallslojd.se\/wordpress\/wp-content\/uploads\/2011\/02\/Blommorna-181x300.jpg\" alt=\"\" width=\"181\" height=\"300\" srcset=\"https:\/\/kravallslojd.se\/wordpress\/wp-content\/uploads\/2011\/02\/Blommorna-181x300.jpg 181w, https:\/\/kravallslojd.se\/wordpress\/wp-content\/uploads\/2011\/02\/Blommorna.jpg 290w\" sizes=\"(max-width: 181px) 100vw, 181px\" \/><\/a><p id=\"caption-attachment-4319\" class=\"wp-caption-text\">Blommorna, formmassan borttagen men bronset \u00e4nnu obearbetat.<\/p><\/div><\/p>\n","protected":false},"excerpt":{"rendered":"<p>Idag var det gjutningsdags. Vi str\u00e5lade upp p\u00e5 gjuteriet p\u00e5 f\u00f6rmiddagen och satte ig\u00e5ng bronsugnen, tog ut och st\u00e4llde upp formarna. Noomi och jag gjorde en koll p\u00e5 hur vi skulle g\u00e5 och h\u00e4lla n\u00e4r formarna var utst\u00e4llda och sedan inv\u00e4ntade vi att bronset skulle bli tillr\u00e4ckligt varmt. Sj\u00e4lva ih\u00e4llningen fungerade j\u00e4ttebra, jag lyckades dock [&hellip;]<\/p>\n","protected":false},"author":148,"featured_media":0,"comment_status":"open","ping_status":"open","sticky":false,"template":"","format":"standard","meta":[],"categories":[473],"tags":[179,479],"_links":{"self":[{"href":"https:\/\/kravallslojd.se\/wordpress\/index.php?rest_route=\/wp\/v2\/posts\/4309"}],"collection":[{"href":"https:\/\/kravallslojd.se\/wordpress\/index.php?rest_route=\/wp\/v2\/posts"}],"about":[{"href":"https:\/\/kravallslojd.se\/wordpress\/index.php?rest_route=\/wp\/v2\/types\/post"}],"author":[{"embeddable":true,"href":"https:\/\/kravallslojd.se\/wordpress\/index.php?rest_route=\/wp\/v2\/users\/148"}],"replies":[{"embeddable":true,"href":"https:\/\/kravallslojd.se\/wordpress\/index.php?rest_route=%2Fwp%2Fv2%2Fcomments&post=4309"}],"version-history":[{"count":3,"href":"https:\/\/kravallslojd.se\/wordpress\/index.php?rest_route=\/wp\/v2\/posts\/4309\/revisions"}],"predecessor-version":[{"id":4326,"href":"https:\/\/kravallslojd.se\/wordpress\/index.php?rest_route=\/wp\/v2\/posts\/4309\/revisions\/4326"}],"wp:attachment":[{"href":"https:\/\/kravallslojd.se\/wordpress\/index.php?rest_route=%2Fwp%2Fv2%2Fmedia&parent=4309"}],"wp:term":[{"taxonomy":"category","embeddable":true,"href":"https:\/\/kravallslojd.se\/wordpress\/index.php?rest_route=%2Fwp%2Fv2%2Fcategories&post=4309"},{"taxonomy":"post_tag","embeddable":true,"href":"https:\/\/kravallslojd.se\/wordpress\/index.php?rest_route=%2Fwp%2Fv2%2Ftags&post=4309"}],"curies":[{"name":"wp","href":"https:\/\/api.w.org\/{rel}","templated":true}]}}