{"id":433,"date":"2007-11-26T22:10:10","date_gmt":"2007-11-26T20:10:10","guid":{"rendered":"http:\/\/kravallslojd.se\/bloggen\/?p=411"},"modified":"2007-11-26T22:10:10","modified_gmt":"2007-11-26T20:10:10","slug":"november","status":"publish","type":"post","link":"https:\/\/kravallslojd.se\/wordpress\/?p=433","title":{"rendered":"November&#8230;"},"content":{"rendered":"<p>Det \u00e4r m\u00e5ndag kv\u00e4ll och jag k\u00e4nner mig ganska pigg. F\u00f6r ovanlighetens skull! Jag \u00e4r allts\u00e5 Lina: en tjej som egentligen borde ha blivit f\u00f6dd i ett soligare land. Om det \u00e4r n\u00e5got jag totalt kan kn\u00e4ckas av, s\u00e5 \u00e4r det november\u2026Inte s\u00e5 unikt kanske, i detta land, men v\u00e4l ett f\u00f6rsvar ifall att min blogg skulle bli f\u00f6r destruktiv ;)<\/p>\n<p>Ig\u00e5r fikade jag med n\u00e5gra v\u00e4nner. Vi pratade om grunderna till att \u00f6verleva vintern och kom fram till detta: \u00c4ta god mat, motionera, t\u00e4nda ljus, dricka te med v\u00e4nner, sova ordentligt och suga i sig det ljus dagen bjuder p\u00e5. Jag promenerade ifr\u00e5n kaf\u00e9et vid 13-tiden, och t\u00e4nkte att \u201ddet \u00e4r nu det \u00e4r\u201d. F\u00f6rs\u00f6kte upplyftas av dagsljuset, men skrattade ist\u00e4llet bittert \u00e5t att den fisgr\u00e5 himlen var l\u00e5ngt ifr\u00e5n s\u00e5 ljus som kaf\u00e9ets entr\u00e9skylt i neon.<\/p>\n<p>Men som sagt, IDAG k\u00e4nner jag mig pigg. Jag praktiserar p\u00e5 produktionskontoret till ett st\u00f6rre kl\u00e4dm\u00e4rke. I fredags var sista dagen i lokalerna p\u00e5 \u00d6stermalm i Stockholm. Denna m\u00e5ndag var f\u00f6rsta dagen i de nya lokalerna i Gamla Stan. Ett oerh\u00f6rt fascinerande hus vi ska rymmas i. Det har nog n\u00e5gra \u00e5r p\u00e5 nacken. Sis\u00e5d\u00e4r 100\u2026ska kolla upp det n\u00e4rmre. Det \u00e4r pelare, pilastrar, tak-&amp; v\u00e4ggm\u00e5lningar samt djupa f\u00f6nster med fantastiskt, gammalt glas. Jag blev inspirerad! T\u00e4nk vilken kreativitet att ha skapat allt detta. T\u00e4nk alla hantverkare som bidragit till detta under \u00e5ren &#8211; vilken kunskap de besuttit. Och t\u00e4nk att vi sitter d\u00e4r nu med uppgiften att skapa framtidens mode!<\/p>\n<p>Ser fram emot morgondagen! Nu ska jag ut och sporadiskt vandra dit bena b\u00e4r mig. Vinterluft &amp; m\u00e5nljus \u00e4r nog ocks\u00e5 viktigt f\u00f6r \u00f6verlevnaden av november&#8230;<\/p>\n","protected":false},"excerpt":{"rendered":"<p>Det \u00e4r m\u00e5ndag kv\u00e4ll och jag k\u00e4nner mig ganska pigg. F\u00f6r ovanlighetens skull! Jag \u00e4r allts\u00e5 Lina: en tjej som egentligen borde ha blivit f\u00f6dd i ett soligare land. Om det \u00e4r n\u00e5got jag totalt kan kn\u00e4ckas av, s\u00e5 \u00e4r det november\u2026Inte s\u00e5 unikt kanske, i detta land, men v\u00e4l ett f\u00f6rsvar ifall att min [&hellip;]<\/p>\n","protected":false},"author":43,"featured_media":0,"comment_status":"open","ping_status":"closed","sticky":false,"template":"","format":"standard","meta":[],"categories":[53],"tags":[],"_links":{"self":[{"href":"https:\/\/kravallslojd.se\/wordpress\/index.php?rest_route=\/wp\/v2\/posts\/433"}],"collection":[{"href":"https:\/\/kravallslojd.se\/wordpress\/index.php?rest_route=\/wp\/v2\/posts"}],"about":[{"href":"https:\/\/kravallslojd.se\/wordpress\/index.php?rest_route=\/wp\/v2\/types\/post"}],"author":[{"embeddable":true,"href":"https:\/\/kravallslojd.se\/wordpress\/index.php?rest_route=\/wp\/v2\/users\/43"}],"replies":[{"embeddable":true,"href":"https:\/\/kravallslojd.se\/wordpress\/index.php?rest_route=%2Fwp%2Fv2%2Fcomments&post=433"}],"version-history":[{"count":0,"href":"https:\/\/kravallslojd.se\/wordpress\/index.php?rest_route=\/wp\/v2\/posts\/433\/revisions"}],"wp:attachment":[{"href":"https:\/\/kravallslojd.se\/wordpress\/index.php?rest_route=%2Fwp%2Fv2%2Fmedia&parent=433"}],"wp:term":[{"taxonomy":"category","embeddable":true,"href":"https:\/\/kravallslojd.se\/wordpress\/index.php?rest_route=%2Fwp%2Fv2%2Fcategories&post=433"},{"taxonomy":"post_tag","embeddable":true,"href":"https:\/\/kravallslojd.se\/wordpress\/index.php?rest_route=%2Fwp%2Fv2%2Ftags&post=433"}],"curies":[{"name":"wp","href":"https:\/\/api.w.org\/{rel}","templated":true}]}}