{"id":441,"date":"2007-12-05T19:12:17","date_gmt":"2007-12-05T17:12:17","guid":{"rendered":"http:\/\/kravallslojd.se\/bloggen\/?p=424"},"modified":"2007-12-05T19:12:17","modified_gmt":"2007-12-05T17:12:17","slug":"dar-de-harliga-lagrarna-gro","status":"publish","type":"post","link":"https:\/\/kravallslojd.se\/wordpress\/?p=441","title":{"rendered":"D\u00e4r de h\u00e4rliga lagrarna gro"},"content":{"rendered":"<p>Ha! Efter att ha letat p\u00e5 H\u00f6torgshallen men inte hittat n\u00e5gra lagerblad (men d\u00e4remot en mycket god vegetarisk wrap!) tog jag mig i duggregnet till \u00d6stermalmshallen, och d\u00e4r bland gr\u00f6nsakerna stod tv\u00e5 stycken sm\u00e5, sm\u00e5 lagertr\u00e4d! F\u00f6r 45 pix var det ena mitt och dagen var r\u00e4ddad.. Fotosessionen gick utan tillst\u00f6tningar och mitt motiv \u00e4r nu p\u00e5 g\u00e5ng. Lysande!<\/p>\n<p>F\u00f6rmiddagen idag var seg och s\u00f6mnig, s\u00e5 jag tog n\u00e5gon extra timma hemma innan jag v\u00e5gade mig ut i kylan. Denna timma spenderade jag med att skicka ut bekr\u00e4ftelsemail p\u00e5 vantbest\u00e4llningar och g\u00e5 igenom listor \u00f6ver vantar som ska fixas i helgen. Fortfarande inget ljud fr\u00e5n Chiranjivi i Nepal dock, vilket inte \u00e4r bra. Jag ska ha leveransen h\u00e4r den 10:e \u00e4r det sagt och d\u00e5 b\u00f6r han just nu vara i full f\u00e4rd med att skicka den om det ska funka. N\u00e5v\u00e4l, jag ska inte ta ut n\u00e5got i f\u00f6rskott..<\/p>\n<p>Klockan har sprungit iv\u00e4g och redan blivit 18, men datorkr\u00e5ngel g\u00f6r att jag inte har kommit iv\u00e4g hem\u00e5t \u00e4nnu. Det \u00e4r lite dumt d\u00e5 det st\u00e5r tv\u00e5 f\u00f6nster hemma och v\u00e4ntar p\u00e5 att bli renoverade. Dessutom v\u00e4ntar en halvgosig katt och en helgosig karl ocks\u00e5, s\u00e5 nu f\u00e5r det nog r\u00e4cka f\u00f6r idag i alla fall &#8211; nu tar jag och ett aningen tilltufsat lagertr\u00e4d pendeln hem.<\/p>\n","protected":false},"excerpt":{"rendered":"<p>Ha! Efter att ha letat p\u00e5 H\u00f6torgshallen men inte hittat n\u00e5gra lagerblad (men d\u00e4remot en mycket god vegetarisk wrap!) tog jag mig i duggregnet till \u00d6stermalmshallen, och d\u00e4r bland gr\u00f6nsakerna stod tv\u00e5 stycken sm\u00e5, sm\u00e5 lagertr\u00e4d! F\u00f6r 45 pix var det ena mitt och dagen var r\u00e4ddad.. Fotosessionen gick utan tillst\u00f6tningar och mitt motiv \u00e4r [&hellip;]<\/p>\n","protected":false},"author":44,"featured_media":0,"comment_status":"open","ping_status":"closed","sticky":false,"template":"","format":"standard","meta":[],"categories":[10],"tags":[],"_links":{"self":[{"href":"https:\/\/kravallslojd.se\/wordpress\/index.php?rest_route=\/wp\/v2\/posts\/441"}],"collection":[{"href":"https:\/\/kravallslojd.se\/wordpress\/index.php?rest_route=\/wp\/v2\/posts"}],"about":[{"href":"https:\/\/kravallslojd.se\/wordpress\/index.php?rest_route=\/wp\/v2\/types\/post"}],"author":[{"embeddable":true,"href":"https:\/\/kravallslojd.se\/wordpress\/index.php?rest_route=\/wp\/v2\/users\/44"}],"replies":[{"embeddable":true,"href":"https:\/\/kravallslojd.se\/wordpress\/index.php?rest_route=%2Fwp%2Fv2%2Fcomments&post=441"}],"version-history":[{"count":0,"href":"https:\/\/kravallslojd.se\/wordpress\/index.php?rest_route=\/wp\/v2\/posts\/441\/revisions"}],"wp:attachment":[{"href":"https:\/\/kravallslojd.se\/wordpress\/index.php?rest_route=%2Fwp%2Fv2%2Fmedia&parent=441"}],"wp:term":[{"taxonomy":"category","embeddable":true,"href":"https:\/\/kravallslojd.se\/wordpress\/index.php?rest_route=%2Fwp%2Fv2%2Fcategories&post=441"},{"taxonomy":"post_tag","embeddable":true,"href":"https:\/\/kravallslojd.se\/wordpress\/index.php?rest_route=%2Fwp%2Fv2%2Ftags&post=441"}],"curies":[{"name":"wp","href":"https:\/\/api.w.org\/{rel}","templated":true}]}}