{"id":442,"date":"2007-12-06T22:55:14","date_gmt":"2007-12-06T20:55:14","guid":{"rendered":"http:\/\/kravallslojd.se\/bloggen\/?p=425"},"modified":"2007-12-06T22:55:14","modified_gmt":"2007-12-06T20:55:14","slug":"status-quo","status":"publish","type":"post","link":"https:\/\/kravallslojd.se\/wordpress\/?p=442","title":{"rendered":"Status quo"},"content":{"rendered":"<p>Jahaja, idag blev det en seeeg dag. Tror jag h\u00e5ller p\u00e5 att bli riktigt f\u00f6rkyld, vilket skulle passa oerh\u00f6rt d\u00e5ligt in i planeringen just nu..<\/p>\n<p>Jag b\u00f6rjade dagen med att sova, sova och sedan sova lite mer &#8211; blev emellertid inte s\u00e5 v\u00e4rst utvilad, d\u00e5 jag dr\u00f6mde hejvilt hela tiden. N\u00e4r jag \u00e4ntligen masade mig upp ur s\u00e4ngen (l\u00e4s: upp fr\u00e5n luftmadrassen) s\u00e5 lyckades jag \u00e5tminstone s\u00e4tta ig\u00e5ng med tv\u00e5 saker jag hade t\u00e4nkt att g\u00f6ra: Installera om min laptop och slipa f\u00f6nstren i (det blivande) sovrummet h\u00e4r i l\u00e4genheten. B\u00e5da uppgifterna gick v\u00e4l s\u00e5d\u00e4r bra. Jag installerade om datorn f\u00f6r att f\u00e5 mina ljuddrivare att funka, vilket de nu \u00e4nd\u00e5 inte g\u00f6r, och n\u00e4r jag slipade f\u00f6nsterkarmarna ins\u00e5g jag att spacklet jag anv\u00e4nt tidigare i veckan inte passade s\u00e5 bra\u00a0till f\u00f6nstret, s\u00e5 jag fick g\u00f6ra om det.<\/p>\n<p>Ergo: Dagen \u00e4r \u00e4nnu i status quo om man ser till resultat, och klockan \u00e4r nu strax tio. Jag har emellertid just nu ett glas r\u00f6dvin i handen och har lyckats \u00e4ta tv\u00e5 lussebullar och har allvarliga tankar p\u00e5 att ta en till, s\u00e5 v\u00e4rlden hade ju kunnat vara s\u00e4mre..<\/p>\n","protected":false},"excerpt":{"rendered":"<p>Jahaja, idag blev det en seeeg dag. Tror jag h\u00e5ller p\u00e5 att bli riktigt f\u00f6rkyld, vilket skulle passa oerh\u00f6rt d\u00e5ligt in i planeringen just nu.. Jag b\u00f6rjade dagen med att sova, sova och sedan sova lite mer &#8211; blev emellertid inte s\u00e5 v\u00e4rst utvilad, d\u00e5 jag dr\u00f6mde hejvilt hela tiden. N\u00e4r jag \u00e4ntligen masade mig [&hellip;]<\/p>\n","protected":false},"author":44,"featured_media":0,"comment_status":"open","ping_status":"closed","sticky":false,"template":"","format":"standard","meta":[],"categories":[10],"tags":[],"_links":{"self":[{"href":"https:\/\/kravallslojd.se\/wordpress\/index.php?rest_route=\/wp\/v2\/posts\/442"}],"collection":[{"href":"https:\/\/kravallslojd.se\/wordpress\/index.php?rest_route=\/wp\/v2\/posts"}],"about":[{"href":"https:\/\/kravallslojd.se\/wordpress\/index.php?rest_route=\/wp\/v2\/types\/post"}],"author":[{"embeddable":true,"href":"https:\/\/kravallslojd.se\/wordpress\/index.php?rest_route=\/wp\/v2\/users\/44"}],"replies":[{"embeddable":true,"href":"https:\/\/kravallslojd.se\/wordpress\/index.php?rest_route=%2Fwp%2Fv2%2Fcomments&post=442"}],"version-history":[{"count":0,"href":"https:\/\/kravallslojd.se\/wordpress\/index.php?rest_route=\/wp\/v2\/posts\/442\/revisions"}],"wp:attachment":[{"href":"https:\/\/kravallslojd.se\/wordpress\/index.php?rest_route=%2Fwp%2Fv2%2Fmedia&parent=442"}],"wp:term":[{"taxonomy":"category","embeddable":true,"href":"https:\/\/kravallslojd.se\/wordpress\/index.php?rest_route=%2Fwp%2Fv2%2Fcategories&post=442"},{"taxonomy":"post_tag","embeddable":true,"href":"https:\/\/kravallslojd.se\/wordpress\/index.php?rest_route=%2Fwp%2Fv2%2Ftags&post=442"}],"curies":[{"name":"wp","href":"https:\/\/api.w.org\/{rel}","templated":true}]}}