{"id":443,"date":"2007-12-07T20:24:06","date_gmt":"2007-12-07T18:24:06","guid":{"rendered":"http:\/\/kravallslojd.se\/bloggen\/?p=426"},"modified":"2007-12-07T20:24:06","modified_gmt":"2007-12-07T18:24:06","slug":"regn-och-kakel","status":"publish","type":"post","link":"https:\/\/kravallslojd.se\/wordpress\/?p=443","title":{"rendered":"Regn och kakel"},"content":{"rendered":"<p>Idag sov jag inte lika l\u00e4nge som ig\u00e5r, s\u00e5 dagen b\u00f6rjade med att jag spacklade klart det sista p\u00e5 f\u00f6nstren i sovrummet och maskerade allt som inte ska m\u00e5las i f\u00f6rsta omg\u00e5ngen. Efter det v\u00e4ckte jag Marcus och vi \u00e5t frukost, innan vi v\u00e5gade oss ut i det \u00e4ckliga regnet f\u00f6r att titta i aff\u00e4rer med klinkers, mosaik, m\u00f6bler och annat inspirerande inf\u00f6r renoveringen. Det blev mest k\u00f6k, f\u00e5t\u00f6ljer och kakel vi s\u00e5g, men en och annan bra id\u00e9 fick vi nog!<\/p>\n<p>Efter det \u00e5kte vi en sv\u00e4ng via Odenplan d\u00e4r jag bodde n\u00e4r jag veckopendlade och jag h\u00e4mtade upp lite kvargl\u00f6mda saker &#8211; en handduk, havregryn, te, pepparkakor och annat livsn\u00f6dv\u00e4ndigt.. Vi fikade p\u00e5 nederv\u00e5ningens caf\u00e9 innan vi tog oss tillbaka i regnet till s\u00f6der. Nu slappar vi ett tag medan vi f\u00f6rs\u00f6ker reda ut vem av oss som ska \u00e5ka till Norrk\u00f6ping och packa i l\u00e4genheten d\u00e4r och vem som ska stanna i Stockholm med katten. Helst skulle vi \u00e5ka b\u00e5da tv\u00e5, men d\u00e5 m\u00e5ste vi hitta en kattvakt.. Ingen l\u00f6sning \u00e4nnu, s\u00e5 vi f\u00e5r v\u00e4l se varifr\u00e5n jag bloggar imorgon!<\/p>\n","protected":false},"excerpt":{"rendered":"<p>Idag sov jag inte lika l\u00e4nge som ig\u00e5r, s\u00e5 dagen b\u00f6rjade med att jag spacklade klart det sista p\u00e5 f\u00f6nstren i sovrummet och maskerade allt som inte ska m\u00e5las i f\u00f6rsta omg\u00e5ngen. Efter det v\u00e4ckte jag Marcus och vi \u00e5t frukost, innan vi v\u00e5gade oss ut i det \u00e4ckliga regnet f\u00f6r att titta i aff\u00e4rer [&hellip;]<\/p>\n","protected":false},"author":44,"featured_media":0,"comment_status":"open","ping_status":"closed","sticky":false,"template":"","format":"standard","meta":[],"categories":[10],"tags":[],"_links":{"self":[{"href":"https:\/\/kravallslojd.se\/wordpress\/index.php?rest_route=\/wp\/v2\/posts\/443"}],"collection":[{"href":"https:\/\/kravallslojd.se\/wordpress\/index.php?rest_route=\/wp\/v2\/posts"}],"about":[{"href":"https:\/\/kravallslojd.se\/wordpress\/index.php?rest_route=\/wp\/v2\/types\/post"}],"author":[{"embeddable":true,"href":"https:\/\/kravallslojd.se\/wordpress\/index.php?rest_route=\/wp\/v2\/users\/44"}],"replies":[{"embeddable":true,"href":"https:\/\/kravallslojd.se\/wordpress\/index.php?rest_route=%2Fwp%2Fv2%2Fcomments&post=443"}],"version-history":[{"count":0,"href":"https:\/\/kravallslojd.se\/wordpress\/index.php?rest_route=\/wp\/v2\/posts\/443\/revisions"}],"wp:attachment":[{"href":"https:\/\/kravallslojd.se\/wordpress\/index.php?rest_route=%2Fwp%2Fv2%2Fmedia&parent=443"}],"wp:term":[{"taxonomy":"category","embeddable":true,"href":"https:\/\/kravallslojd.se\/wordpress\/index.php?rest_route=%2Fwp%2Fv2%2Fcategories&post=443"},{"taxonomy":"post_tag","embeddable":true,"href":"https:\/\/kravallslojd.se\/wordpress\/index.php?rest_route=%2Fwp%2Fv2%2Ftags&post=443"}],"curies":[{"name":"wp","href":"https:\/\/api.w.org\/{rel}","templated":true}]}}