{"id":461,"date":"2008-01-17T11:00:55","date_gmt":"2008-01-17T09:00:55","guid":{"rendered":"http:\/\/kravallslojd.se\/bloggen\/?p=462"},"modified":"2008-01-17T11:00:55","modified_gmt":"2008-01-17T09:00:55","slug":"virka","status":"publish","type":"post","link":"https:\/\/kravallslojd.se\/wordpress\/?p=461","title":{"rendered":"Virka"},"content":{"rendered":"<p>Torsdag.<\/p>\n<p>F\u00f6r mig inneb\u00e4r det att det snart \u00e4r helg. Jag \u00e4r ledig p\u00e5 fredagar. Jipppi!<\/p>\n<p>I b\u00f6rjan av min pysselbana s\u00e5 var det korsstygnsbroderi som g\u00e4llde men \u00e4ven virkning var popul\u00e4rt. Om jag nu skulle v\u00e4lja en pysselgrej som \u00e4r min specialitet s\u00e5 \u00e4r det virkning. Det h\u00e5ller jag p\u00e5 med j\u00e4mt. Det ligger alltid en virkning i korgen. F\u00f6rr virkade jag dukar p\u00e5 l\u00f6pande band men det \u00e4r numera precis som med broderingen. Jag virkar bara dukar jag k\u00e4nner jag verkligen ha.<\/p>\n<p>Nu \u00e4r det andra saker jag g\u00f6r med virkn\u00e5len. N\u00e5len och garnet \u00e4r gr\u00f6vre. Det \u00e4r inte bara garn utan \u00e4ven sn\u00f6ren, mattrasor, band, flecceremsor mm. Av linsn\u00f6ren virkar jag runda korgar, Bra att f\u00f6rvara saker i och snygga dessutom. Mattrasor och flecceremsor blir det snygga mattor. Annat kul man kan g\u00f6ra med garn och virkn\u00e5l \u00e4r m\u00f6ssor, pannband, v\u00e4skor, necess\u00e4rer, figurer, ponchos, sjalar, halsdukar, filtar, gardiner mm. Det \u00e4r bara att ge fantasin fritt spelrum.<\/p>\n<p>Med en virkn\u00e5l och garn kan man g\u00f6ra massor. Och det \u00e4r l\u00e4tt och g\u00e5r fort och man beh\u00f6ver inte en massa saker.<\/p>\n<p>H\u00e4r kommer lite bilder f\u00f6r inspiration. Jag \u00e4r ingen m\u00e4sterfotograf med jag fotar g\u00e4rna!<br \/>\nVirka mera!<\/p>\n<p>Sjal och halsduk<br \/>\n<a href=\"http:\/\/kravallslojd.se\/bloggen\/wp-content\/uploads\/2008\/01\/schal.JPG\"  title='schal.JPG'><img src='http:\/\/kravallslojd.se\/bloggen\/wp-content\/uploads\/2008\/01\/schal.tumnagel.JPG' alt='schal.JPG' \/><\/a><\/p>\n<p>Poncho<br \/>\n<a href=\"http:\/\/kravallslojd.se\/bloggen\/wp-content\/uploads\/2008\/01\/poncho.JPG\"  title='poncho.JPG'><img src='http:\/\/kravallslojd.se\/bloggen\/wp-content\/uploads\/2008\/01\/poncho.tumnagel.JPG' alt='poncho.JPG' \/><\/a><\/p>\n<p>M\u00f6ssa &amp; pannband<br \/>\n<a href=\"http:\/\/kravallslojd.se\/bloggen\/wp-content\/uploads\/2008\/01\/pannbandmossa1.JPG\"  title='pannbandmossa1.JPG'><img src='http:\/\/kravallslojd.se\/bloggen\/wp-content\/uploads\/2008\/01\/pannbandmossa1.tumnagel.JPG' alt='pannbandmossa1.JPG' \/><\/a><\/p>\n<p>Fler m\u00f6ssor<br \/>\n<a href=\"http:\/\/kravallslojd.se\/bloggen\/wp-content\/uploads\/2008\/01\/mossa.JPG\"  title='mossa.JPG'><img src='http:\/\/kravallslojd.se\/bloggen\/wp-content\/uploads\/2008\/01\/mossa.tumnagel.JPG' alt='mossa.JPG' \/><\/a><\/p>\n<p>Matta av mattrasor<br \/>\n<a href=\"http:\/\/kravallslojd.se\/bloggen\/wp-content\/uploads\/2008\/01\/matta.JPG\"  title='matta.JPG'><img src='http:\/\/kravallslojd.se\/bloggen\/wp-content\/uploads\/2008\/01\/matta.tumnagel.JPG' alt='matta.JPG' \/><\/a><\/p>\n<p>Min och katternas favoritpl\u00e4d! (den \u00e4r dubbelvikt p\u00e5 bilden)<br \/>\n<a href=\"http:\/\/kravallslojd.se\/bloggen\/wp-content\/uploads\/2008\/01\/filt.JPG\"  title='filt.JPG'><img src='http:\/\/kravallslojd.se\/bloggen\/wp-content\/uploads\/2008\/01\/filt.tumnagel.JPG' alt='filt.JPG' \/><\/a><\/p>\n<p>Forts\u00e4ttning f\u00f6ljer, mer virkning imorgon.<\/p>\n<p>Grattis Anja, Anders, Jens &amp; Bj\u00f6rn till era priser p\u00e5 idrottsgalan.<br \/>\nVi \u00e4r j\u00e4ttestolta \u00f6ver v\u00e5ra stj\u00e4rnor!<\/p>\n<p>Nu ska jag forts\u00e4tta st\u00e4da. Trist men n\u00f6dv\u00e4ndigt.<\/p>\n","protected":false},"excerpt":{"rendered":"<p>Torsdag. F\u00f6r mig inneb\u00e4r det att det snart \u00e4r helg. Jag \u00e4r ledig p\u00e5 fredagar. Jipppi! I b\u00f6rjan av min pysselbana s\u00e5 var det korsstygnsbroderi som g\u00e4llde men \u00e4ven virkning var popul\u00e4rt. Om jag nu skulle v\u00e4lja en pysselgrej som \u00e4r min specialitet s\u00e5 \u00e4r det virkning. Det h\u00e5ller jag p\u00e5 med j\u00e4mt. Det ligger [&hellip;]<\/p>\n","protected":false},"author":48,"featured_media":0,"comment_status":"open","ping_status":"closed","sticky":false,"template":"","format":"standard","meta":[],"categories":[11],"tags":[],"_links":{"self":[{"href":"https:\/\/kravallslojd.se\/wordpress\/index.php?rest_route=\/wp\/v2\/posts\/461"}],"collection":[{"href":"https:\/\/kravallslojd.se\/wordpress\/index.php?rest_route=\/wp\/v2\/posts"}],"about":[{"href":"https:\/\/kravallslojd.se\/wordpress\/index.php?rest_route=\/wp\/v2\/types\/post"}],"author":[{"embeddable":true,"href":"https:\/\/kravallslojd.se\/wordpress\/index.php?rest_route=\/wp\/v2\/users\/48"}],"replies":[{"embeddable":true,"href":"https:\/\/kravallslojd.se\/wordpress\/index.php?rest_route=%2Fwp%2Fv2%2Fcomments&post=461"}],"version-history":[{"count":0,"href":"https:\/\/kravallslojd.se\/wordpress\/index.php?rest_route=\/wp\/v2\/posts\/461\/revisions"}],"wp:attachment":[{"href":"https:\/\/kravallslojd.se\/wordpress\/index.php?rest_route=%2Fwp%2Fv2%2Fmedia&parent=461"}],"wp:term":[{"taxonomy":"category","embeddable":true,"href":"https:\/\/kravallslojd.se\/wordpress\/index.php?rest_route=%2Fwp%2Fv2%2Fcategories&post=461"},{"taxonomy":"post_tag","embeddable":true,"href":"https:\/\/kravallslojd.se\/wordpress\/index.php?rest_route=%2Fwp%2Fv2%2Ftags&post=461"}],"curies":[{"name":"wp","href":"https:\/\/api.w.org\/{rel}","templated":true}]}}