{"id":463,"date":"2008-01-19T11:28:42","date_gmt":"2008-01-19T09:28:42","guid":{"rendered":"http:\/\/kravallslojd.se\/bloggen\/?p=475"},"modified":"2008-01-19T11:28:42","modified_gmt":"2008-01-19T09:28:42","slug":"inspiration","status":"publish","type":"post","link":"https:\/\/kravallslojd.se\/wordpress\/?p=463","title":{"rendered":"Inspiration"},"content":{"rendered":"<p>Vad inspirerar mig?<br \/>\nVarf\u00f6r h\u00e5ller jag p\u00e5 med detta?<br \/>\nVad ger det mig?<br \/>\nVarf\u00f6r k\u00e4nner jag mig beroende av att &#8221;h\u00e5lla fingrarna varma&#8221;?<\/p>\n<p>Sv\u00e5ra fr\u00e5gor som jag egentligen inte har t\u00e4nkt p\u00e5. Jag bara \u00e4r i mitt pysslande. \u00c4r rastl\u00f6s utan. Antar att det \u00e4r en livsstil. En del jagar runt i gympahallar, springer, hoppar fallsk\u00e4rm men jag sitter och tillverkar saker med mina h\u00e4nder. Alla \u00e4r vi olika.<\/p>\n<p>N\u00e4r jag b\u00f6rjade brodera och virka s\u00e5 var det inte m\u00e5nga som kommenterade det jag gjorde. \u201dF\u00f6rspilld kvinnokraft\u201d \u00e4r ett ord som jag associerar till det jag h\u00f6ll p\u00e5 med och ibland blev jag \u00e4ven h\u00e5nad. Jag pysslade med mitt i det tysta. Jag minns en g\u00e5ng n\u00e4r jag hade bes\u00f6k och hon ber\u00f6mde m\u00e5lningen jag hade p\u00e5 v\u00e4ggen. Det var en broderad tavla! D\u00e5 m\u00e5dde jag g\u00f6tt!<\/p>\n<p>Nu bl\u00e5ser det andra vindar. Handarbete \u00e4r inne. Jag f\u00e5r mycket ber\u00f6m f\u00f6r det jag g\u00f6r. Jag har f\u00e5tt f\u00f6rfr\u00e5gan om jag vill starta kurser i virkning. V\u00e4ldigt smickrande att h\u00f6ra men det k\u00e4nns konstigt ocks\u00e5. Jag har aldrig t\u00e4nkt i dessa banor. Jag \u00e4r van att h\u00e5lla p\u00e5 utan att n\u00e5gon annan \u00e4n min mamma bryr sig.<\/p>\n<p>S\u00e5, vad inspirerar mig? F\u00f6rutom att jag l\u00e4ser i tidningar, s\u00f6ker p\u00e5 Internet, k\u00f6per b\u00f6cker, g\u00e5r in i varje handarbetsaff\u00e4r jag hittar (n\u00e4r jag n\u00e5gon g\u00e5ng tar mig till ett st\u00f6rre st\u00e4lle\u2026). Det kan vara f\u00e4rg &amp; form p\u00e5 materialet\/garnet som g\u00f6r att en id\u00e9 ploppar upp.  Naturen, jag bor p\u00e5 ett st\u00e4lle d\u00e4r naturen \u00e4r en stor del av livet. Att g\u00e5 efter Storb\u00e4cken och plocka fina stenar, g\u00e5 upp p\u00e5 en fj\u00e4lltopp och beundra den fantastiska utsikten. Det \u00e4r inspiration. Sedan \u00e4r funktion ocks\u00e5 en inspiration. Hittar jag ingen matta till toagolvet s\u00e5 m\u00e5ste jag l\u00f6sa det eller mamma hittar ingen m\u00f6ssa hon vill ha. D\u00e5 f\u00f6rs\u00f6ker jag fixa det ocks\u00e5! Ja, du fattar kanske. Utmaningar \u00e4r en inspiration.<\/p>\n<p>Varf\u00f6r h\u00e5ller jag p\u00e5 med detta och vad ger det mig? Jag har det i generna, fr\u00e5n mormor, farmor och min mamma. Detta \u00e4r min hobby och mitt s\u00e4tt att varva ner och koppla av. Djupare \u00e4n s\u00e5 har jag inte gr\u00e4vt i mig sj\u00e4lv. On\u00f6digt!<\/p>\n<p>Beroendet d\u00e5? Ja, det g\u00e5r i v\u00e5gor men jag blir rastl\u00f6s om jag inte har n\u00e5got p\u00e5 g\u00e5ng. Det k\u00e4nns tryggt att veta att det finns n\u00e5gra h\u00e4rvor garn hemma om lusten att pyssla infinner sig. Jag bunkrar m\u00f6nster och hemsidor med tips och id\u00e9er OM jag beh\u00f6ver!<\/p>\n<p>Imorgon \u00e4r det min sista dag h\u00e4r p\u00e5 kravallsl\u00f6jd och d\u00e5 kommer jag att visa bilder p\u00e5 n\u00e5gon annans hantverk och skriva lite om mina pysselplaner.<\/p>\n<p>Go \u00e5 glad, kexchoklad<\/p>\n<p>Bilder!<\/p>\n<p>Stensamling p\u00e5 bron<br \/>\n<a href=\"http:\/\/kravallslojd.se\/bloggen\/wp-content\/uploads\/2008\/01\/sten2b.JPG\"  title='sten2b.JPG'><img src='http:\/\/kravallslojd.se\/bloggen\/wp-content\/uploads\/2008\/01\/sten2b.tumnagel.JPG' alt='sten2b.JPG' \/><\/a><br \/>\n(Har kladdat \u00f6ver sambons namn)<\/p>\n<p>H\u00e4rligt garn<br \/>\n<a href=\"http:\/\/kravallslojd.se\/bloggen\/wp-content\/uploads\/2008\/01\/garn.JPG\"  title='garn.JPG'><img src='http:\/\/kravallslojd.se\/bloggen\/wp-content\/uploads\/2008\/01\/garn.tumnagel.JPG' alt='garn.JPG' \/><\/a><\/p>\n<p>H\u00e4rlig utsikt fr\u00e5n Gurken<br \/>\n<a href=\"http:\/\/kravallslojd.se\/bloggen\/wp-content\/uploads\/2008\/01\/gurken.JPG\"  title='gurken.JPG'><img src='http:\/\/kravallslojd.se\/bloggen\/wp-content\/uploads\/2008\/01\/gurken.tumnagel.JPG' alt='gurken.JPG' \/><\/a><\/p>\n","protected":false},"excerpt":{"rendered":"<p>Vad inspirerar mig? Varf\u00f6r h\u00e5ller jag p\u00e5 med detta? Vad ger det mig? Varf\u00f6r k\u00e4nner jag mig beroende av att &#8221;h\u00e5lla fingrarna varma&#8221;? Sv\u00e5ra fr\u00e5gor som jag egentligen inte har t\u00e4nkt p\u00e5. Jag bara \u00e4r i mitt pysslande. \u00c4r rastl\u00f6s utan. Antar att det \u00e4r en livsstil. En del jagar runt i gympahallar, springer, hoppar [&hellip;]<\/p>\n","protected":false},"author":48,"featured_media":0,"comment_status":"open","ping_status":"closed","sticky":false,"template":"","format":"standard","meta":[],"categories":[11],"tags":[],"_links":{"self":[{"href":"https:\/\/kravallslojd.se\/wordpress\/index.php?rest_route=\/wp\/v2\/posts\/463"}],"collection":[{"href":"https:\/\/kravallslojd.se\/wordpress\/index.php?rest_route=\/wp\/v2\/posts"}],"about":[{"href":"https:\/\/kravallslojd.se\/wordpress\/index.php?rest_route=\/wp\/v2\/types\/post"}],"author":[{"embeddable":true,"href":"https:\/\/kravallslojd.se\/wordpress\/index.php?rest_route=\/wp\/v2\/users\/48"}],"replies":[{"embeddable":true,"href":"https:\/\/kravallslojd.se\/wordpress\/index.php?rest_route=%2Fwp%2Fv2%2Fcomments&post=463"}],"version-history":[{"count":0,"href":"https:\/\/kravallslojd.se\/wordpress\/index.php?rest_route=\/wp\/v2\/posts\/463\/revisions"}],"wp:attachment":[{"href":"https:\/\/kravallslojd.se\/wordpress\/index.php?rest_route=%2Fwp%2Fv2%2Fmedia&parent=463"}],"wp:term":[{"taxonomy":"category","embeddable":true,"href":"https:\/\/kravallslojd.se\/wordpress\/index.php?rest_route=%2Fwp%2Fv2%2Fcategories&post=463"},{"taxonomy":"post_tag","embeddable":true,"href":"https:\/\/kravallslojd.se\/wordpress\/index.php?rest_route=%2Fwp%2Fv2%2Ftags&post=463"}],"curies":[{"name":"wp","href":"https:\/\/api.w.org\/{rel}","templated":true}]}}