{"id":465,"date":"2008-01-21T12:53:15","date_gmt":"2008-01-21T10:53:15","guid":{"rendered":"http:\/\/kravallslojd.se\/bloggen\/?p=485"},"modified":"2008-01-21T12:53:15","modified_gmt":"2008-01-21T10:53:15","slug":"ljudtema-pa-bloggen-vecka-4","status":"publish","type":"post","link":"https:\/\/kravallslojd.se\/wordpress\/?p=465","title":{"rendered":"Ljudtema p\u00e5 bloggen vecka 4!"},"content":{"rendered":"<p>Idag, m\u00e5ndag, \u00e4r min f\u00f6rsta dag som g\u00e4stbloggare h\u00e4r inne p\u00e5 kravallsl\u00f6jd och jag ser med sp\u00e4nning fram emot vad den h\u00e4r veckan kommer att bjuda p\u00e5. Jag vill redan nu uppmana er l\u00e4sare att bidra med kommentarer p\u00e5 mina inl\u00e4gg, s\u00e5 att vi tillsammans skapar ett betydelsefullt inneh\u00e5ll, en \u201dmening\u201d. Vi skapar n\u00e4mligen n\u00e5got unikt h\u00e4r veckan!!\u00a0<\/p>\n<p>Inl\u00e4ggen kommer att r\u00f6ra sig inom ett ganska outforskat omr\u00e5de:\u00a0<\/p>\n<ul>\n<li>ljud som en del av design<\/li>\n<li>ljud som ett av flera designelement<\/li>\n<li>ljud som en outnyttjad potential inom formgivning<\/li>\n<li>ljud och upplevelse\u00a0<\/li>\n<\/ul>\n<p>Och \u00e4nnu mer outforskat blir det h\u00e4r, avgr\u00e4nsat till ett hantverksssammanhang!\u00a0<\/p>\n<p>Dygnet runt tolkar vi (som kan h\u00f6ra) information via h\u00f6rselsinnet. M\u00e5nga av oss riktar s\u00e4llan n\u00e5gon st\u00f6rre del av v\u00e5rt medvetande mot dessa ljud. Paradoxalt nog slipper en del av v\u00e5rt undermedvetna aldrig undan dem!\u00a0<\/p>\n<p>Vi kan inte blunda med \u00f6ronen. Det g\u00f6r att ljudet \u201dn\u00e5r\u201d oss, tolkas och leder till upplevelse. D\u00e4rf\u00f6r har ljudet potential f\u00f6r hur f\u00f6rem\u00e5l och milj\u00f6er uppfattas. Den h\u00e4r veckan ska jag d\u00e4rf\u00f6r lyfta upp ljudets betydelse, med hj\u00e4lp av olika f\u00f6rem\u00e5l och mina egna reflektioner kring dem. Betrakta det som en guidad tur utan n\u00e5gra strikta h\u00e5llpunkter. En tur som forts\u00e4tter i den riktning ni vill n\u00e4r den h\u00e4r veckan \u00e4r slut.\u00a0<\/p>\n<p>Varf\u00f6r har jag egentligen intresserat mig f\u00f6r det h\u00e4r \u00e4mnet? Jo, en dag f\u00f6r snart fyra \u00e5r sedan slogs jag pl\u00f6tsligt av hur mycket d\u00e5ligt ljud vi omger oss med, frivilligt. F\u00f6r tv\u00e5 och ett halvt \u00e5r sedan b\u00f6rjade jag d\u00e4rf\u00f6r skriva en uppsats om ljud i design, p\u00e5 Multimedialinjen vid Stockholms Universitet. Eftersom det knappt gick att hitta n\u00e5gon litteratur om ljud i design s\u00e5 besl\u00f6t jag mig f\u00f6r att b\u00f6rja utforska \u00e4mnet p\u00e5 egen hand, med utg\u00e5ngspunkt i personer och f\u00f6rem\u00e5l. Jag st\u00f6tte p\u00e5 m\u00e5nga intressanta ing\u00e5ngar &#8211; s\u00e5 m\u00e5nga att uppsatsarbetet b\u00f6rjade bli tungrott. F\u00f6r snart tv\u00e5 \u00e5r sedan startade jag d\u00e4rf\u00f6r en blogg om ljud i design (se l\u00e4nk l\u00e4ngst ned).\u00a0<\/p>\n<p>Som de flesta av er vet \u00e4r en blogg ett praktiskt och enkelt s\u00e4tt att \u201dsamla sina tankar\u201d p\u00e5 ett och samma st\u00e4lle. Alla roliga saker jag inte kunde ta upp i min uppsats hamnade allts\u00e5 inom r\u00e4ckh\u00e5ll, fast p\u00e5 ett annat st\u00e4lle.\u00a0<\/p>\n<p>P\u00e5 min blogg skriver jag korta texter om produkter, milj\u00f6er, personer och h\u00e4ndelser kopplat till ljud i design. Jag f\u00f6rs\u00f6ker ocks\u00e5 titta p\u00e5 olika trender, och hur de skulle kunna p\u00e5verka hur ljudet hanteras, som ett av flera designelement. Det enda jag inte skriver om \u00e4r egentligen musik &#8211; men det g\u00f6r ju m\u00e5nga andra redan s\u00e5 bra!<\/p>\n<p>Och till sist: jag lovar att ha mindre text och mer bild i kommande inl\u00e4gg&#8230;!<\/p>\n<p>L\u00e4nken till min blogg <a target=\"_blank\" href=\"http:\/\/www.smoothear.com\" >www.smoothear.com<\/a><\/p>\n","protected":false},"excerpt":{"rendered":"<p>Idag, m\u00e5ndag, \u00e4r min f\u00f6rsta dag som g\u00e4stbloggare h\u00e4r inne p\u00e5 kravallsl\u00f6jd och jag ser med sp\u00e4nning fram emot vad den h\u00e4r veckan kommer att bjuda p\u00e5. Jag vill redan nu uppmana er l\u00e4sare att bidra med kommentarer p\u00e5 mina inl\u00e4gg, s\u00e5 att vi tillsammans skapar ett betydelsefullt inneh\u00e5ll, en \u201dmening\u201d. Vi skapar n\u00e4mligen n\u00e5got [&hellip;]<\/p>\n","protected":false},"author":7,"featured_media":0,"comment_status":"open","ping_status":"closed","sticky":false,"template":"","format":"standard","meta":[],"categories":[26],"tags":[],"_links":{"self":[{"href":"https:\/\/kravallslojd.se\/wordpress\/index.php?rest_route=\/wp\/v2\/posts\/465"}],"collection":[{"href":"https:\/\/kravallslojd.se\/wordpress\/index.php?rest_route=\/wp\/v2\/posts"}],"about":[{"href":"https:\/\/kravallslojd.se\/wordpress\/index.php?rest_route=\/wp\/v2\/types\/post"}],"author":[{"embeddable":true,"href":"https:\/\/kravallslojd.se\/wordpress\/index.php?rest_route=\/wp\/v2\/users\/7"}],"replies":[{"embeddable":true,"href":"https:\/\/kravallslojd.se\/wordpress\/index.php?rest_route=%2Fwp%2Fv2%2Fcomments&post=465"}],"version-history":[{"count":0,"href":"https:\/\/kravallslojd.se\/wordpress\/index.php?rest_route=\/wp\/v2\/posts\/465\/revisions"}],"wp:attachment":[{"href":"https:\/\/kravallslojd.se\/wordpress\/index.php?rest_route=%2Fwp%2Fv2%2Fmedia&parent=465"}],"wp:term":[{"taxonomy":"category","embeddable":true,"href":"https:\/\/kravallslojd.se\/wordpress\/index.php?rest_route=%2Fwp%2Fv2%2Fcategories&post=465"},{"taxonomy":"post_tag","embeddable":true,"href":"https:\/\/kravallslojd.se\/wordpress\/index.php?rest_route=%2Fwp%2Fv2%2Ftags&post=465"}],"curies":[{"name":"wp","href":"https:\/\/api.w.org\/{rel}","templated":true}]}}