{"id":470,"date":"2008-01-28T19:26:18","date_gmt":"2008-01-28T17:26:18","guid":{"rendered":"http:\/\/kravallslojd.se\/bloggen\/?p=501"},"modified":"2008-01-28T19:26:18","modified_gmt":"2008-01-28T17:26:18","slug":"back-to-basic","status":"publish","type":"post","link":"https:\/\/kravallslojd.se\/wordpress\/?p=470","title":{"rendered":"Back to basic"},"content":{"rendered":"<p>F\u00f6rst m\u00e5ste jag p\u00e5peka vilken \u00e4ra att f\u00e5 blogga h\u00e4r och dela med sig av sitt kanske f\u00f6r andra ovanliga intresse.N\u00e4r jag ber\u00e4ttar att jag designar kl\u00e4der och accessoarer i latex f\u00e5r jag ofta kommentaren \u201dJaha, lack och l\u00e4der\u2026\u201d, men det st\u00e4mmer inte riktigt in p\u00e5 min design. Latex \u00e4r inte som vanligt tyg fast\u00e4n det kommer p\u00e5 stora rullar. N\u00e4r man ska sammanfoga s\u00f6mmar anv\u00e4nder man sig utav vulkaninseringssolution dvs. att symaskinen f\u00e5r st\u00e5 och damma. Materialet \u00e4r dessutom helt vegetariskt, jepp s\u00e5 \u00e4r det.Det roliga att jobba med just latex \u00e4r att det \u00e4r en s\u00e5dan utmaning att arbeta med det. M\u00f6nstren m\u00e5ste g\u00f6ras om och dragkedjor g\u00f6rs inte p\u00e5 samma s\u00e4tt som n\u00e4r man syr. Nej, det \u00e4r ganska mycket som \u00e4r annorlunda faktiskt. Idag hade jag t\u00e4nkt forts\u00e4tta med min kollektion som ska vara f\u00e4rdig till den 24 maj, d\u00e5 \u00e4r det Kulturnatta i Ume\u00e5, vilket \u00e4r f\u00f6r fj\u00e4rde g\u00e5ngen har jag f\u00f6r mig. Det blir tredje g\u00e5ngen f\u00f6r mig att visa upp kl\u00e4der.H\u00e4r \u00e4r\u00a0ett smakprov fr\u00e5n f\u00f6rra \u00e5ret. Min version av Sverige dr\u00e4kten var definitivt en utmaning med applikationer och volanger.<img decoding=\"async\" loading=\"lazy\" width=\"399\" src=\"http:\/\/www.sysidan.se\/obj\/photo\/0\/0232b7370c87b2766a5b7395e0984f5d.jpg\" height=\"600\" \/><\/p>\n","protected":false},"excerpt":{"rendered":"<p>F\u00f6rst m\u00e5ste jag p\u00e5peka vilken \u00e4ra att f\u00e5 blogga h\u00e4r och dela med sig av sitt kanske f\u00f6r andra ovanliga intresse.N\u00e4r jag ber\u00e4ttar att jag designar kl\u00e4der och accessoarer i latex f\u00e5r jag ofta kommentaren \u201dJaha, lack och l\u00e4der\u2026\u201d, men det st\u00e4mmer inte riktigt in p\u00e5 min design. Latex \u00e4r inte som vanligt tyg fast\u00e4n [&hellip;]<\/p>\n","protected":false},"author":49,"featured_media":0,"comment_status":"open","ping_status":"closed","sticky":false,"template":"","format":"standard","meta":[],"categories":[83],"tags":[],"_links":{"self":[{"href":"https:\/\/kravallslojd.se\/wordpress\/index.php?rest_route=\/wp\/v2\/posts\/470"}],"collection":[{"href":"https:\/\/kravallslojd.se\/wordpress\/index.php?rest_route=\/wp\/v2\/posts"}],"about":[{"href":"https:\/\/kravallslojd.se\/wordpress\/index.php?rest_route=\/wp\/v2\/types\/post"}],"author":[{"embeddable":true,"href":"https:\/\/kravallslojd.se\/wordpress\/index.php?rest_route=\/wp\/v2\/users\/49"}],"replies":[{"embeddable":true,"href":"https:\/\/kravallslojd.se\/wordpress\/index.php?rest_route=%2Fwp%2Fv2%2Fcomments&post=470"}],"version-history":[{"count":0,"href":"https:\/\/kravallslojd.se\/wordpress\/index.php?rest_route=\/wp\/v2\/posts\/470\/revisions"}],"wp:attachment":[{"href":"https:\/\/kravallslojd.se\/wordpress\/index.php?rest_route=%2Fwp%2Fv2%2Fmedia&parent=470"}],"wp:term":[{"taxonomy":"category","embeddable":true,"href":"https:\/\/kravallslojd.se\/wordpress\/index.php?rest_route=%2Fwp%2Fv2%2Fcategories&post=470"},{"taxonomy":"post_tag","embeddable":true,"href":"https:\/\/kravallslojd.se\/wordpress\/index.php?rest_route=%2Fwp%2Fv2%2Ftags&post=470"}],"curies":[{"name":"wp","href":"https:\/\/api.w.org\/{rel}","templated":true}]}}