{"id":471,"date":"2008-01-30T00:49:16","date_gmt":"2008-01-29T22:49:16","guid":{"rendered":"http:\/\/kravallslojd.se\/bloggen\/?p=503"},"modified":"2008-01-30T00:49:16","modified_gmt":"2008-01-29T22:49:16","slug":"inspiration-2","status":"publish","type":"post","link":"https:\/\/kravallslojd.se\/wordpress\/?p=471","title":{"rendered":"Inspiration"},"content":{"rendered":"<p>Vilken h\u00e4ndelserik dag det har varit idag. I skolan hade vi en f\u00f6rel\u00e4sning med Gunilla Samberg som \u00e4r konstansvarig p\u00e5 landstinget. Hon b\u00f6rjade sin f\u00f6rel\u00e4sning med att utf\u00f6ra en performance. N\u00e4r jag s\u00e5g hennes konst var min spontana k\u00e4nsla &#8211; vilken kreativ kvinna! Dessutom sa hon en hel del t\u00e4nkv\u00e4rda saker. H\u00e4r \u00e4r n\u00e5gra av de saker som ber\u00f6rde mig:\u00a0<\/p>\n<ul>\n<li>Som konstn\u00e4r m\u00e5ste man g\u00e5 \u00f6ver gr\u00e4nser, anta utmaningar och g\u00f6ra det man egentligen inte v\u00e5gar<\/li>\n<li>Om man skapar n\u00e5got ska man ge det ett namn<\/li>\n<li>Vad kan jag g\u00f6ra med det jag redan har<\/li>\n<li>Man m\u00e5ste tro p\u00e5 sin ide<\/li>\n<li>Se det som alla ser och t\u00e4nka det ingen t\u00e4nker<\/li>\n<\/ul>\n<p>\u00a0Hon blev dagens stora inspirationsk\u00e4lla. \u00c5h, vad jag k\u00e4nde mig glad och upprymd efter denna f\u00f6rel\u00e4sning. Efter skola, middag och en liten middagslur var det dags f\u00f6r modellm\u00f6te inf\u00f6r modevisningen. Det var prova ut kl\u00e4der f\u00f6r att se passform och se om det var n\u00e5got jag ska \u00e4ndra p\u00e5.\u00a0Dagens bild blir denna hatt som \u00e4r inspirerad av Dita von Teese(hatten f\u00e4sts med h\u00e5rn\u00e5lar)<br \/>\n<img decoding=\"async\" loading=\"lazy\" width=\"600\" src=\"http:\/\/www.sysidan.se\/obj\/photo\/4\/4ffcb63bb12e1e132b9727a4ee1cc3e6.jpg\" alt=\"ditahatt\" height=\"450\" \/><\/p>\n<p><\/font><\/font><\/p>\n","protected":false},"excerpt":{"rendered":"<p>Vilken h\u00e4ndelserik dag det har varit idag. I skolan hade vi en f\u00f6rel\u00e4sning med Gunilla Samberg som \u00e4r konstansvarig p\u00e5 landstinget. Hon b\u00f6rjade sin f\u00f6rel\u00e4sning med att utf\u00f6ra en performance. N\u00e4r jag s\u00e5g hennes konst var min spontana k\u00e4nsla &#8211; vilken kreativ kvinna! Dessutom sa hon en hel del t\u00e4nkv\u00e4rda saker. H\u00e4r \u00e4r n\u00e5gra av [&hellip;]<\/p>\n","protected":false},"author":49,"featured_media":0,"comment_status":"open","ping_status":"closed","sticky":false,"template":"","format":"standard","meta":[],"categories":[83],"tags":[],"_links":{"self":[{"href":"https:\/\/kravallslojd.se\/wordpress\/index.php?rest_route=\/wp\/v2\/posts\/471"}],"collection":[{"href":"https:\/\/kravallslojd.se\/wordpress\/index.php?rest_route=\/wp\/v2\/posts"}],"about":[{"href":"https:\/\/kravallslojd.se\/wordpress\/index.php?rest_route=\/wp\/v2\/types\/post"}],"author":[{"embeddable":true,"href":"https:\/\/kravallslojd.se\/wordpress\/index.php?rest_route=\/wp\/v2\/users\/49"}],"replies":[{"embeddable":true,"href":"https:\/\/kravallslojd.se\/wordpress\/index.php?rest_route=%2Fwp%2Fv2%2Fcomments&post=471"}],"version-history":[{"count":0,"href":"https:\/\/kravallslojd.se\/wordpress\/index.php?rest_route=\/wp\/v2\/posts\/471\/revisions"}],"wp:attachment":[{"href":"https:\/\/kravallslojd.se\/wordpress\/index.php?rest_route=%2Fwp%2Fv2%2Fmedia&parent=471"}],"wp:term":[{"taxonomy":"category","embeddable":true,"href":"https:\/\/kravallslojd.se\/wordpress\/index.php?rest_route=%2Fwp%2Fv2%2Fcategories&post=471"},{"taxonomy":"post_tag","embeddable":true,"href":"https:\/\/kravallslojd.se\/wordpress\/index.php?rest_route=%2Fwp%2Fv2%2Ftags&post=471"}],"curies":[{"name":"wp","href":"https:\/\/api.w.org\/{rel}","templated":true}]}}