{"id":4725,"date":"2011-02-28T14:32:08","date_gmt":"2011-02-28T13:32:08","guid":{"rendered":"http:\/\/kravallslojd.se\/wordpress\/?p=4725"},"modified":"2011-02-28T14:32:08","modified_gmt":"2011-02-28T13:32:08","slug":"bildvavstol","status":"publish","type":"post","link":"https:\/\/kravallslojd.se\/wordpress\/?p=4725","title":{"rendered":"Bildv\u00e4vstol"},"content":{"rendered":"<p>Egentligen borde jag inte sitta h\u00e4r och sortera bilder, tankar och ord utan g\u00e5 ut i solen som skiner f\u00f6r fullt och lyssna till f\u00e5gels\u00e5ngen. Ska g\u00f6ra det ocks\u00e5, men f\u00f6rst skicka iv\u00e4g det h\u00e4r.<\/p>\n<p>&nbsp;<\/p>\n<p>F\u00f6r ett antal \u00e5r sedan s\u00e5 letade jag efter en s\u00e5dan d\u00e4r st\u00e5ende bildv\u00e4vstol p\u00e5 en meters bredd, men jag hittade ingen. Den enda jag hittade var en som var tv\u00e5 meter bred och var st\u00e4ller man en s\u00e5dan?<\/p>\n<p><div id=\"attachment_4729\" style=\"width: 235px\" class=\"wp-caption aligncenter\"><a href=\"http:\/\/kravallslojd.se\/wordpress\/wp-content\/uploads\/2011\/02\/malarhorna2.jpg\" ><img aria-describedby=\"caption-attachment-4729\" decoding=\"async\" loading=\"lazy\" class=\"size-medium wp-image-4729\" src=\"http:\/\/kravallslojd.se\/wordpress\/wp-content\/uploads\/2011\/02\/malarhorna2-225x300.jpg\" alt=\"\" width=\"225\" height=\"300\" srcset=\"https:\/\/kravallslojd.se\/wordpress\/wp-content\/uploads\/2011\/02\/malarhorna2-225x300.jpg 225w, https:\/\/kravallslojd.se\/wordpress\/wp-content\/uploads\/2011\/02\/malarhorna2.jpg 480w\" sizes=\"(max-width: 225px) 100vw, 225px\" \/><\/a><p id=\"caption-attachment-4729\" class=\"wp-caption-text\">Del av min m\u00e5larh\u00f6rna med den tv\u00e5 meter l\u00e5nga bildv\u00e4vstolen till v\u00e4nster och min katt Singnis som tittar fram under bordet.<\/p><\/div><\/p>\n<p>Efter s\u00e4kerligen ett halv\u00e5rs funderande s\u00e5 best\u00e4mde jag mig i alla fall f\u00f6r att k\u00f6pa den och tur som en tok hade jag, f\u00f6r den var inte s\u00e5ld.<\/p>\n<p><div id=\"attachment_4730\" style=\"width: 235px\" class=\"wp-caption aligncenter\"><a href=\"http:\/\/kravallslojd.se\/wordpress\/wp-content\/uploads\/2011\/02\/garnofarg.jpg\" ><img aria-describedby=\"caption-attachment-4730\" decoding=\"async\" loading=\"lazy\" class=\"size-medium wp-image-4730\" src=\"http:\/\/kravallslojd.se\/wordpress\/wp-content\/uploads\/2011\/02\/garnofarg-225x300.jpg\" alt=\"\" width=\"225\" height=\"300\" srcset=\"https:\/\/kravallslojd.se\/wordpress\/wp-content\/uploads\/2011\/02\/garnofarg-225x300.jpg 225w, https:\/\/kravallslojd.se\/wordpress\/wp-content\/uploads\/2011\/02\/garnofarg.jpg 480w\" sizes=\"(max-width: 225px) 100vw, 225px\" \/><\/a><p id=\"caption-attachment-4730\" class=\"wp-caption-text\">Garn och m\u00e5larprylar i sk\u00f6n blandning<\/p><\/div><\/p>\n<p>Sen fick jag m\u00f6blera om och &#8221;sl\u00e4nga&#8221; ut en del m\u00f6bler som inte fick plats l\u00e4ngre. Nu har jag gjort om tv\u00e5 rum till en v\u00e4vkammare och en kombinerad v\u00e4vsal och atelj\u00e9.<\/p>\n<p><div id=\"attachment_4731\" style=\"width: 235px\" class=\"wp-caption aligncenter\"><a href=\"http:\/\/kravallslojd.se\/wordpress\/wp-content\/uploads\/2011\/02\/vavkammaren.jpg\" ><img aria-describedby=\"caption-attachment-4731\" decoding=\"async\" loading=\"lazy\" class=\"size-medium wp-image-4731\" src=\"http:\/\/kravallslojd.se\/wordpress\/wp-content\/uploads\/2011\/02\/vavkammaren-225x300.jpg\" alt=\"\" width=\"225\" height=\"300\" srcset=\"https:\/\/kravallslojd.se\/wordpress\/wp-content\/uploads\/2011\/02\/vavkammaren-225x300.jpg 225w, https:\/\/kravallslojd.se\/wordpress\/wp-content\/uploads\/2011\/02\/vavkammaren.jpg 480w\" sizes=\"(max-width: 225px) 100vw, 225px\" \/><\/a><p id=\"caption-attachment-4731\" class=\"wp-caption-text\">V\u00e4vkammaren, n\u00e4rmast till v\u00e4nster min damastv\u00e4vstol, bakom st\u00e5r den med de tv\u00e5 garnbommarna, till h\u00f6ger skymtar min kontramarschv\u00e4vstol. I mitten sitter min katt Sotis.<\/p><\/div><\/p>\n<p>Nu g\u00e5r jag ut i solen!<\/p>\n","protected":false},"excerpt":{"rendered":"<p>Egentligen borde jag inte sitta h\u00e4r och sortera bilder, tankar och ord utan g\u00e5 ut i solen som skiner f\u00f6r fullt och lyssna till f\u00e5gels\u00e5ngen. Ska g\u00f6ra det ocks\u00e5, men f\u00f6rst skicka iv\u00e4g det h\u00e4r. &nbsp; F\u00f6r ett antal \u00e5r sedan s\u00e5 letade jag efter en s\u00e5dan d\u00e4r st\u00e5ende bildv\u00e4vstol p\u00e5 en meters bredd, men [&hellip;]<\/p>\n","protected":false},"author":151,"featured_media":0,"comment_status":"open","ping_status":"open","sticky":false,"template":"","format":"standard","meta":[],"categories":[493],"tags":[216],"_links":{"self":[{"href":"https:\/\/kravallslojd.se\/wordpress\/index.php?rest_route=\/wp\/v2\/posts\/4725"}],"collection":[{"href":"https:\/\/kravallslojd.se\/wordpress\/index.php?rest_route=\/wp\/v2\/posts"}],"about":[{"href":"https:\/\/kravallslojd.se\/wordpress\/index.php?rest_route=\/wp\/v2\/types\/post"}],"author":[{"embeddable":true,"href":"https:\/\/kravallslojd.se\/wordpress\/index.php?rest_route=\/wp\/v2\/users\/151"}],"replies":[{"embeddable":true,"href":"https:\/\/kravallslojd.se\/wordpress\/index.php?rest_route=%2Fwp%2Fv2%2Fcomments&post=4725"}],"version-history":[{"count":3,"href":"https:\/\/kravallslojd.se\/wordpress\/index.php?rest_route=\/wp\/v2\/posts\/4725\/revisions"}],"predecessor-version":[{"id":4733,"href":"https:\/\/kravallslojd.se\/wordpress\/index.php?rest_route=\/wp\/v2\/posts\/4725\/revisions\/4733"}],"wp:attachment":[{"href":"https:\/\/kravallslojd.se\/wordpress\/index.php?rest_route=%2Fwp%2Fv2%2Fmedia&parent=4725"}],"wp:term":[{"taxonomy":"category","embeddable":true,"href":"https:\/\/kravallslojd.se\/wordpress\/index.php?rest_route=%2Fwp%2Fv2%2Fcategories&post=4725"},{"taxonomy":"post_tag","embeddable":true,"href":"https:\/\/kravallslojd.se\/wordpress\/index.php?rest_route=%2Fwp%2Fv2%2Ftags&post=4725"}],"curies":[{"name":"wp","href":"https:\/\/api.w.org\/{rel}","templated":true}]}}