{"id":4734,"date":"2011-03-01T09:44:54","date_gmt":"2011-03-01T08:44:54","guid":{"rendered":"http:\/\/kravallslojd.se\/wordpress\/?p=4734"},"modified":"2011-03-01T09:44:54","modified_gmt":"2011-03-01T08:44:54","slug":"konst-pa-deltid","status":"publish","type":"post","link":"https:\/\/kravallslojd.se\/wordpress\/?p=4734","title":{"rendered":"Konst p\u00e5 deltid"},"content":{"rendered":"<p>Idag t\u00e4nker jag \u00e5ka in till Fornby och v\u00e4va lite, har precis satt p\u00e5 motorv\u00e4rmaren s\u00e5 bilen hinner bli varm innan jag ska iv\u00e4g.<\/p>\n<p>Jag s\u00e4ger som Egon Kjerrman sa f\u00f6r flera \u00e5r sedan, n\u00e4r han p\u00e5 50- och 60-talet, ledde alls\u00e5ng p\u00e5 Skansen fr\u00e5n Solliden. Han sa &#8221;Jag sjunger hellre \u00e4n bra&#8221;, och jag s\u00e4ger precis detsamma, jag m\u00e5lar hellre \u00e4n bra.<\/p>\n<p>Mitt st\u00f6rsta problem tror jag \u00e4r att jag har s\u00e5n fruktansv\u00e4rd prestations\u00e5ngest s\u00e5 det blir sv\u00e5rt att \u00f6ver huvud taget f\u00e5 ur mig n\u00e5gonting alls. B\u00e4st g\u00e5r det i sm\u00e5tt format s\u00e5 just nu f\u00f6rs\u00f6ker jag mig p\u00e5 en stor p\u00e5 80&#215;80.<\/p>\n<p>Sen har jag varit v\u00e4ldigt sn\u00e5l med f\u00e4rg ocks\u00e5 &#8211; det \u00e4r inte f\u00f6r inte som jag \u00e4r halv sm\u00e5l\u00e4ndska &#8211; men det har blivit b\u00e4ttre nu tycker jag. Likas\u00e5 tycker jag inte det \u00e4r lika sv\u00e5rt att m\u00e5la \u00f6ver n\u00e5got som jag inte \u00e4r n\u00f6jd med och b\u00f6rja om fr\u00e5n b\u00f6rjan, som jag tyckte f\u00f6rut, eller att bara b\u00f6rja m\u00e5la utan att veta vad &#8221;det ska bli&#8221;.<\/p>\n<p>D\u00e4remot s\u00e5 har jag fortfarande v\u00e4ldigt sv\u00e5rt f\u00f6r &#8221;kill your darlings&#8221;. Funderar faktiskt allvarligt p\u00e5 att spara alla s\u00e5dana, klippa ut dem ur duken och g\u00f6ra ett collage \u2013 &#8221;all my darlings&#8221;? Tja, varf\u00f6r inte.<\/p>\n<p><div id=\"attachment_4736\" style=\"width: 310px\" class=\"wp-caption aligncenter\"><a href=\"http:\/\/kravallslojd.se\/wordpress\/wp-content\/uploads\/2011\/03\/fornby21.jpg\" ><img aria-describedby=\"caption-attachment-4736\" decoding=\"async\" loading=\"lazy\" class=\"size-medium wp-image-4736\" src=\"http:\/\/kravallslojd.se\/wordpress\/wp-content\/uploads\/2011\/03\/fornby21-300x225.jpg\" alt=\"\" width=\"300\" height=\"225\" srcset=\"https:\/\/kravallslojd.se\/wordpress\/wp-content\/uploads\/2011\/03\/fornby21-300x225.jpg 300w, https:\/\/kravallslojd.se\/wordpress\/wp-content\/uploads\/2011\/03\/fornby21.jpg 640w\" sizes=\"(max-width: 300px) 100vw, 300px\" \/><\/a><p id=\"caption-attachment-4736\" class=\"wp-caption-text\">Fornby Folkh\u00f6gskola, konstkursen<\/p><\/div><\/p>\n<p>F\u00f6r n\u00e4rvarande s\u00e5 g\u00e5r jag en deltidskurs p\u00e5 Fornby. Jag m\u00e5lar hemma, har m\u00f6jlighet att g\u00e5 p\u00e5 skolans lektioner om det \u00e4r n\u00e5got s\u00e4rskilt som jag \u00e4r intresserade av, sen s\u00e5 tr\u00e4ffas hela gruppen en g\u00e5ng i m\u00e5naden.<\/p>\n<p>Detta \u00e4r Fornbys allra f\u00f6rsta deltidskurs i m\u00e5lning och vi som g\u00e5r d\u00e4r har redan g\u00e5tt p\u00e5 Fornbys konstkurs p\u00e5 heltid eller p\u00e5 n\u00e5gon annan skola s\u00e5 ingen av oss \u00e4r nyb\u00f6rjare.<\/p>\n<p>H\u00e4r \u00e4r ett stilleben som jag m\u00e5lade n\u00e4r Arne Fredriksson var g\u00e4stl\u00e4rare i november f\u00f6rra \u00e5ret. Den \u00e4r jag faktiskt r\u00e4tt n\u00f6jd med.<\/p>\n<p><div id=\"attachment_4737\" style=\"width: 310px\" class=\"wp-caption aligncenter\"><a href=\"http:\/\/kravallslojd.se\/wordpress\/wp-content\/uploads\/2011\/03\/stilleben.jpg\" ><img aria-describedby=\"caption-attachment-4737\" decoding=\"async\" loading=\"lazy\" class=\"size-medium wp-image-4737\" src=\"http:\/\/kravallslojd.se\/wordpress\/wp-content\/uploads\/2011\/03\/stilleben-300x231.jpg\" alt=\"\" width=\"300\" height=\"231\" srcset=\"https:\/\/kravallslojd.se\/wordpress\/wp-content\/uploads\/2011\/03\/stilleben-300x231.jpg 300w, https:\/\/kravallslojd.se\/wordpress\/wp-content\/uploads\/2011\/03\/stilleben.jpg 622w\" sizes=\"(max-width: 300px) 100vw, 300px\" \/><\/a><p id=\"caption-attachment-4737\" class=\"wp-caption-text\">Stilleben<\/p><\/div><\/p>\n<p>Ha det sk\u00f6nt i solen, det ska jag!<\/p>\n","protected":false},"excerpt":{"rendered":"<p>Idag t\u00e4nker jag \u00e5ka in till Fornby och v\u00e4va lite, har precis satt p\u00e5 motorv\u00e4rmaren s\u00e5 bilen hinner bli varm innan jag ska iv\u00e4g. Jag s\u00e4ger som Egon Kjerrman sa f\u00f6r flera \u00e5r sedan, n\u00e4r han p\u00e5 50- och 60-talet, ledde alls\u00e5ng p\u00e5 Skansen fr\u00e5n Solliden. Han sa &#8221;Jag sjunger hellre \u00e4n bra&#8221;, och jag [&hellip;]<\/p>\n","protected":false},"author":151,"featured_media":0,"comment_status":"open","ping_status":"open","sticky":false,"template":"","format":"standard","meta":[],"categories":[493],"tags":[496,495,494,429],"_links":{"self":[{"href":"https:\/\/kravallslojd.se\/wordpress\/index.php?rest_route=\/wp\/v2\/posts\/4734"}],"collection":[{"href":"https:\/\/kravallslojd.se\/wordpress\/index.php?rest_route=\/wp\/v2\/posts"}],"about":[{"href":"https:\/\/kravallslojd.se\/wordpress\/index.php?rest_route=\/wp\/v2\/types\/post"}],"author":[{"embeddable":true,"href":"https:\/\/kravallslojd.se\/wordpress\/index.php?rest_route=\/wp\/v2\/users\/151"}],"replies":[{"embeddable":true,"href":"https:\/\/kravallslojd.se\/wordpress\/index.php?rest_route=%2Fwp%2Fv2%2Fcomments&post=4734"}],"version-history":[{"count":2,"href":"https:\/\/kravallslojd.se\/wordpress\/index.php?rest_route=\/wp\/v2\/posts\/4734\/revisions"}],"predecessor-version":[{"id":4739,"href":"https:\/\/kravallslojd.se\/wordpress\/index.php?rest_route=\/wp\/v2\/posts\/4734\/revisions\/4739"}],"wp:attachment":[{"href":"https:\/\/kravallslojd.se\/wordpress\/index.php?rest_route=%2Fwp%2Fv2%2Fmedia&parent=4734"}],"wp:term":[{"taxonomy":"category","embeddable":true,"href":"https:\/\/kravallslojd.se\/wordpress\/index.php?rest_route=%2Fwp%2Fv2%2Fcategories&post=4734"},{"taxonomy":"post_tag","embeddable":true,"href":"https:\/\/kravallslojd.se\/wordpress\/index.php?rest_route=%2Fwp%2Fv2%2Ftags&post=4734"}],"curies":[{"name":"wp","href":"https:\/\/api.w.org\/{rel}","templated":true}]}}