{"id":480,"date":"2008-02-17T19:14:16","date_gmt":"2008-02-17T17:14:16","guid":{"rendered":"http:\/\/kravallslojd.se\/bloggen\/?p=522"},"modified":"2008-02-17T19:14:16","modified_gmt":"2008-02-17T17:14:16","slug":"det-ar-ratt-att-gora-uppror-eller","status":"publish","type":"post","link":"https:\/\/kravallslojd.se\/wordpress\/?p=480","title":{"rendered":"Det \u00e4r r\u00e4tt att g\u00f6ra uppror! Eller&#8230;"},"content":{"rendered":"<p>Idag \u00e4r det tack och lov korrekt att vara etiskt t\u00e4nkande. Ja, det \u00e4r snudd p\u00e5 lite trendigt.<br \/>\n\u00c5 det beh\u00f6vs verkligen! T\u00e4nk n\u00e4r vi tyckte att slit \u00e5 sl\u00e4ng- eran var helt absurd. Slit \u00e5 sl\u00e4ng\u2026 idag kan jag ju i och f\u00f6r sig tycka att det l\u00e5ter vettigt. SLIT och sedan SL\u00c4NG. Hur skulle vi formulera det idag? K\u00f6p \u00e5 sl\u00e4ng? F\u00f6r inte \u00e4r det fr\u00e5ga om att slita ut innan vi k\u00f6per nytt? Idag k\u00f6per vi nya vitvaror f\u00f6r att de gamla helt enkelt \u00e4r otrendiga. Inte uttj\u00e4nta. Bef\u00e4ngt!!<br \/>\nMen, det \u00e4r sv\u00e5rt.<br \/>\nP\u00e5 slutet av 60-talet, gjordes det revolt! Inom m\u00e5nga branscher, men framf\u00f6r allt i min egen bransch, kl\u00e4dindustrin. D\u00e5 var man emot hela haute couture branschen och man vill st\u00f6rta Paris som modestad. London med Carnaby Street blev snabbt en konkurrent.<br \/>\nI Sverige bidrog kl\u00e4dfirman Mah-Jong starkast. Nytt t\u00e4nk, nya f\u00e4rger, nya former. Och v\u00e4ldigt politiskt! Man ville f\u00f6rmedla n\u00e5got, inte bara profitera. Mah-Jong ville att alla skulle ha r\u00e5d att g\u00e5 i schyssta, sk\u00f6na kl\u00e4der. Man ville massproducera (med tillverkning i Sverige, det h\u00e4r var d\u00e5 hela den svenska teko-industrin h\u00f6ll p\u00e5 att falla ihop), s\u00e5 att man kunde n\u00e5 ut till s\u00e5 m\u00e5nga som m\u00f6jligt.<br \/>\nMycket h\u00e4nde samtidigt p\u00e5 60-talet. Kvinnorna frigjorde sig och konsten gjorde sig tillg\u00e4nglig f\u00f6r alla. Med mera!! D\u00e5 skulle man ha varit med!!<br \/>\nJag saknar t\u00e4nket som fanns d\u00e5, i dagens konst\/mode\/design v\u00e4rld!<br \/>\nMen, som sagt, det \u00e4r sv\u00e5rt! Tiderna f\u00f6r\u00e4ndras ju ocks\u00e5. \u201dV\u00e5ga v\u00e4ga massproducerat\u201d skriver jag sj\u00e4lv p\u00e5 <a target=\"_blank\" href=\"http:\/\/www.laikadesign.se\" >www.laikadesign.se. <\/a>Helt tv\u00e4rtemot Mah-Jong idealet. Efter ca 30-40 \u00e5rs hyper massproduktion utan n\u00e5got som helst ansvar, l\u00e4ngtar man ju igen efter det mer genuina, unika. Jag som d\u00e5 producerar barnkl\u00e4der, tycket att det \u00e4r viktigt att barn kan f\u00e5 k\u00e4nna sig unika.  Alla beh\u00f6ver ju inte se ut som om dom \u00e4r st\u00f6pta i samma form. MEN, inte till vilket pris som helst!!! I v\u00e5r str\u00e4van att f\u00e5 vara oss sj\u00e4lva och l\u00e5ta v\u00e5ra barn skapa en egen stil, s\u00e5 har vi blivit lite blinda..tycker jag. Vi handlar kl\u00e4der som aldrig f\u00f6rr!! Dyra kl\u00e4der! Ingen fr\u00e5ga om slit \u00e5 sl\u00e4ng h\u00e4r inte! Vi vill vara unika och vi vill att v\u00e5ra barns kl\u00e4der ska vara pr\u00e4glade utav v\u00e5r egen stil. Genom v\u00e5ra barn kan vi visa andra vilka vi \u00e4r.<br \/>\nOch var st\u00e5r jag d\u00e5. Vad s\u00e4ger det om mig? Jag som g\u00e4rna vill vara lite anarkist. G\u00f6ra uppror! N\u00e4, jag \u00e4r tyv\u00e4rr lite splittrad. Visst \u00e4r det kul med kl\u00e4der och mode! Visst vill jag att mina barn ska f\u00e5 ha kul kl\u00e4der. (En viktig parantes dock; barnkl\u00e4der m\u00e5ste f\u00f6rst och fr\u00e4mst vara sk\u00f6na. Sen tycker jag att dom m\u00e5ste f\u00e5 ha en viss barnslighet \u00f6ver sig. Hur ofta har man inte sett sm\u00e5 tjejer st\u00e5 \u00e5 hacka t\u00e4nder p\u00e5 skolg\u00e5rden, i en allt f\u00f6r tunn, kort men ack s\u00e5 trendig liten jacka \u00e1 la Paris Hilton?)<br \/>\nBarnkl\u00e4des anarkism?<br \/>\nEtt av mina f\u00f6rsta laikaplagg jag gjorde vara en tr\u00f6ja med ett stort anarkist-a p\u00e5 framsidan och p\u00e5 baksidan stod det : POWER TO THE PEOPLE!  Jag fegade tyv\u00e4rr lite, och l\u00e4t inte tr\u00f6jan vara med i den f\u00f6rsta kollektionen, utan min son fick den. \u2013 \u00c4r det ok? Undrade sonens far. Ska oskyldiga barn b\u00e4ra vuxnas budskap? T\u00e4nk om han f\u00e5r ta emot negativ kritik utav andra vuxna, f\u00f6r att vi tycker att det \u00e4r ok?<br \/>\nN\u00e4r det g\u00e4ller just anarkistm\u00e4rket\u2026ok, n\u00e5got provocerande kanske, men barn \u00e4r dom enda sanna anarkisterna om du fr\u00e5gar mig! S\u00e5, ja, jag tycket att det \u00e4r ok. I min kollektion STATEMENTS ingick \u00e4ven fredsm\u00e4rket, med PEACE textat d\u00e4r bak, stor r\u00f6d stj\u00e4rna, med LIBERTAD d\u00e4r bak, regnb\u00e5ge, med K\u00c4RLEK d\u00e4r bak, r\u00f6g-gul-gr\u00f6n Afrikakarta, med FREEDOM d\u00e4rbak osv. Jag f\u00f6rsvarar mig s\u00e5 h\u00e4r: Sm\u00e5 budb\u00e4rare, stora budskap!!<br \/>\nJag accepterar att barnkl\u00e4desmarknaden ser ut som den g\u00f6r. Det betyder inte att jag gillar den! Men att acceptera inneb\u00e4r att g\u00e5 vidare i aktiv handling utifr\u00e5n det som faktiskt \u00e4r!<\/p>\n<p> <a href=\"http:\/\/kravallslojd.se\/bloggen\/wp-content\/uploads\/2008\/02\/anarki.jpg\"  title='POWER TO THE PEOPLE!'><img src='http:\/\/kravallslojd.se\/bloggen\/wp-content\/uploads\/2008\/02\/anarki.jpg' alt='POWER TO THE PEOPLE!' \/><\/a><br \/>\nAnd you, are you so forgetful of your past, is there no echo in your soul, of your poet\u00b4s songs, your dreamers dreams, your rebels calls!<\/p>\n<p>Jag tackar f\u00f6r denna vecka p\u00e5 kravallsl\u00f6jd! Hoppas att f\u00e5 \u00e5terkomma n\u00e4r jag har f\u00e5tt snurr p\u00e5 hjulen igen!!<\/p>\n<p>Kravallsl\u00f6jd f\u00f6rresten\u2026grymt bra namn!!<\/p>\n<p>T\u00e4nk fel om du vill, men t\u00e4nk sj\u00e4lv!!<\/p>\n<p>Respect!<\/p>\n","protected":false},"excerpt":{"rendered":"<p>Idag \u00e4r det tack och lov korrekt att vara etiskt t\u00e4nkande. Ja, det \u00e4r snudd p\u00e5 lite trendigt. \u00c5 det beh\u00f6vs verkligen! T\u00e4nk n\u00e4r vi tyckte att slit \u00e5 sl\u00e4ng- eran var helt absurd. Slit \u00e5 sl\u00e4ng\u2026 idag kan jag ju i och f\u00f6r sig tycka att det l\u00e5ter vettigt. SLIT och sedan SL\u00c4NG. Hur [&hellip;]<\/p>\n","protected":false},"author":50,"featured_media":0,"comment_status":"open","ping_status":"closed","sticky":false,"template":"","format":"standard","meta":[],"categories":[23],"tags":[],"_links":{"self":[{"href":"https:\/\/kravallslojd.se\/wordpress\/index.php?rest_route=\/wp\/v2\/posts\/480"}],"collection":[{"href":"https:\/\/kravallslojd.se\/wordpress\/index.php?rest_route=\/wp\/v2\/posts"}],"about":[{"href":"https:\/\/kravallslojd.se\/wordpress\/index.php?rest_route=\/wp\/v2\/types\/post"}],"author":[{"embeddable":true,"href":"https:\/\/kravallslojd.se\/wordpress\/index.php?rest_route=\/wp\/v2\/users\/50"}],"replies":[{"embeddable":true,"href":"https:\/\/kravallslojd.se\/wordpress\/index.php?rest_route=%2Fwp%2Fv2%2Fcomments&post=480"}],"version-history":[{"count":0,"href":"https:\/\/kravallslojd.se\/wordpress\/index.php?rest_route=\/wp\/v2\/posts\/480\/revisions"}],"wp:attachment":[{"href":"https:\/\/kravallslojd.se\/wordpress\/index.php?rest_route=%2Fwp%2Fv2%2Fmedia&parent=480"}],"wp:term":[{"taxonomy":"category","embeddable":true,"href":"https:\/\/kravallslojd.se\/wordpress\/index.php?rest_route=%2Fwp%2Fv2%2Fcategories&post=480"},{"taxonomy":"post_tag","embeddable":true,"href":"https:\/\/kravallslojd.se\/wordpress\/index.php?rest_route=%2Fwp%2Fv2%2Ftags&post=480"}],"curies":[{"name":"wp","href":"https:\/\/api.w.org\/{rel}","templated":true}]}}