{"id":481,"date":"2008-02-18T12:26:41","date_gmt":"2008-02-18T10:26:41","guid":{"rendered":"http:\/\/kravallslojd.se\/bloggen\/?p=524"},"modified":"2008-02-18T12:26:41","modified_gmt":"2008-02-18T10:26:41","slug":"en-solig-mandagsmorgon-i-halmstad","status":"publish","type":"post","link":"https:\/\/kravallslojd.se\/wordpress\/?p=481","title":{"rendered":"En solig m\u00e5ndagsmorgon i Halmstad"},"content":{"rendered":"<p>Ja, nu sitter jag h\u00e4r vid min dator. Solen lyser ute. Det \u00e4r sportlov f\u00f6r 40% av mig men f\u00f6r 40% av mig \u00e4r det full aktivitet. N\u00e5gon m\u00e5ste ju ta hand om alla barn och ungdomar som har sportlov. S\u00e5 veckans sportlovsaktiviteter \u00e4r broderier p\u00e5 Varbergs museum. Broderierna startar redan idag men Anneli (blivande Sl\u00f6jdklubbshandledare i Varberg) tar hand om broderierna idag. Imorgon tar jag t\u00e5get upp och st\u00e4ller i ordning verkstaden, mitt i utst\u00e4llningen &#8221;Sitt fint&#8221;. Vi ska inspireras av alla de vackra dynorna som finns p\u00e5 plats och brodera mobilfodral. P\u00e5 onsdagen forts\u00e4tts det med broderierna, d\u00e5 i s\u00e4llskap av Anneli. Sedan t\u00e4nkte vi passa p\u00e5 att bes\u00f6ka kallbadhuset&#8230; Vi f\u00e5r se om det blir ett tidigt dopp. Det vore fint med ett februaridopp p\u00e5 meritlistan. Jag har badat i november, men aldrig i februari.<\/p>\n<p>P\u00e5 torsdag blir det papperssl\u00f6jd p\u00e5 biblioteket h\u00e4r i Halmstad. Vi viker askar och p\u00e5sar och dekorerar med p\u00e4rlor och snygga stygn. Brukar vara v\u00e4ldigt popul\u00e4rt. \u00c4ven den aktiviteten \u00e4r gratis f\u00f6r barn. S\u00e5 mycket gratis det finns f\u00f6r barnen! T\u00e4nk om man vore barn igen&#8230;<\/p>\n<p>Och s\u00e5 var det sportlov&#8230; Eller? Jag gl\u00f6mde nog att n\u00e4mna de resterande 50% som jag \u00e4gnar \u00e5t min textill\u00e4rarutbildning&#8230; 3 veckor kvar till n\u00e4sta tr\u00e4ff i Link\u00f6ping och min sy\u00e5ngest har gett mig ont i huvudet. Jag har m\u00e5nga projekt p\u00e5 g\u00e5ng och alla samtidigt! Jag ska sy en leksak och skriva lite om den utifr\u00e5n en bok om sl\u00f6jd och lek (f\u00e4rdig!). Jag ska sy om ett plagg. Valde att sy in ett foder i en kappa som syddes upp i Thailand. Stort projekt f\u00f6r att vara nyb\u00f6rjare p\u00e5 symaskinen men det k\u00e4ndes motiverande. Kappan f\u00e4rdigst\u00e4lls nog i helgen d\u00e5 Hillevi kommer p\u00e5 bes\u00f6k. M\u00e5ste ta in expertst\u00f6d till vissa projekt&#8230; Jag ska l\u00e4ra mig massor om lappteknik, quilting och applikation. Har b\u00f6rjat med formgivning och f\u00f6rdjupat mig i det under helgen som var. B\u00f6r sy upp n\u00e5gra f\u00e4rdiga produkter samt \u00e4ven modeller f\u00f6r eleverna. Kan bli hur stort som helst. Jag jobbar mycket med motivationen n\u00e4r det g\u00e4ller lappandet. Det finns mycket fult p\u00e5 Internet. \u00d6verallt kl\u00e4mmer de in nallar och fruktkorgar som applikation p\u00e5 pastelliga t\u00e4cken! Och vilka tr\u00e5kiga hemsidor sedan&#8230; Tar g\u00e4rna emot tips p\u00e5 intressanta lappsidor med inspirerande nallefria t\u00e4cken och annat. Har hittat b\u00f6cker om gamla svenska lappt\u00e4cken som jag f\u00f6rs\u00f6ker f\u00f6rdjupa mig i st\u00e4llet. F\u00f6rs\u00f6ker f\u00e4rdigst\u00e4lla en v\u00e4ska till min dator i lappteknik men jag har fastnat p\u00e5 dragkedjan. Har dragkedje\u00e5ngest just nu&#8230; \u00c5terupptar projektet n\u00e4r den v\u00e4rsta \u00e5ngesten har g\u00e5tt \u00f6ver. Jo, sen ska jag sy efter ett grundskolem\u00f6nster cks\u00e5, och analysera det. T\u00e4nkte sy en kl\u00e4nning i trik\u00e5. Sp\u00e4nnande, jag har aldrig sytt i trik\u00e5 tidigare. Sedan tillkommer givetvis en hel del fotande och skrivande om processen osv. Det blir tre hektiska veckor!<\/p>\n<p>S\u00e5 nu sitter jag h\u00e4r, m\u00e5ndag morgon, och funderar p\u00e5 i vilken \u00e4nde jag ska b\u00f6rja&#8230; \u00c4r lite sugen p\u00e5 en lappt\u00e4cks id\u00e9 som jag fick ig\u00e5r n\u00e4r jag var p\u00e5 vernissage av &#8221;Sitt fint&#8221; i Varberg. Ska nog spinna vidare p\u00e5 den. M\u00e5ste nog testa i lintyget innan jag ger mig p\u00e5 fotlapparna tror jag.<\/p>\n<p>Kul att f\u00e5 blogga en vecka och f\u00e5 tillf\u00e4lle att \u00f6verf\u00f6ra all min symaskin\u00e5ngest p\u00e5 er!<\/p>\n<p>Vi ses!<\/p>\n<p><img decoding=\"async\" src=\"http:\/\/kravallslojd.se\/bloggen\/wp-content\/uploads\/2008\/02\/img_1053.jpg\" alt=\"Stockhusruta med kronapplikation\" \/><\/p>\n","protected":false},"excerpt":{"rendered":"<p>Ja, nu sitter jag h\u00e4r vid min dator. Solen lyser ute. Det \u00e4r sportlov f\u00f6r 40% av mig men f\u00f6r 40% av mig \u00e4r det full aktivitet. N\u00e5gon m\u00e5ste ju ta hand om alla barn och ungdomar som har sportlov. S\u00e5 veckans sportlovsaktiviteter \u00e4r broderier p\u00e5 Varbergs museum. Broderierna startar redan idag men Anneli (blivande [&hellip;]<\/p>\n","protected":false},"author":51,"featured_media":0,"comment_status":"open","ping_status":"closed","sticky":false,"template":"","format":"standard","meta":[],"categories":[58],"tags":[],"_links":{"self":[{"href":"https:\/\/kravallslojd.se\/wordpress\/index.php?rest_route=\/wp\/v2\/posts\/481"}],"collection":[{"href":"https:\/\/kravallslojd.se\/wordpress\/index.php?rest_route=\/wp\/v2\/posts"}],"about":[{"href":"https:\/\/kravallslojd.se\/wordpress\/index.php?rest_route=\/wp\/v2\/types\/post"}],"author":[{"embeddable":true,"href":"https:\/\/kravallslojd.se\/wordpress\/index.php?rest_route=\/wp\/v2\/users\/51"}],"replies":[{"embeddable":true,"href":"https:\/\/kravallslojd.se\/wordpress\/index.php?rest_route=%2Fwp%2Fv2%2Fcomments&post=481"}],"version-history":[{"count":0,"href":"https:\/\/kravallslojd.se\/wordpress\/index.php?rest_route=\/wp\/v2\/posts\/481\/revisions"}],"wp:attachment":[{"href":"https:\/\/kravallslojd.se\/wordpress\/index.php?rest_route=%2Fwp%2Fv2%2Fmedia&parent=481"}],"wp:term":[{"taxonomy":"category","embeddable":true,"href":"https:\/\/kravallslojd.se\/wordpress\/index.php?rest_route=%2Fwp%2Fv2%2Fcategories&post=481"},{"taxonomy":"post_tag","embeddable":true,"href":"https:\/\/kravallslojd.se\/wordpress\/index.php?rest_route=%2Fwp%2Fv2%2Ftags&post=481"}],"curies":[{"name":"wp","href":"https:\/\/api.w.org\/{rel}","templated":true}]}}