{"id":4821,"date":"2011-03-07T12:54:22","date_gmt":"2011-03-07T11:54:22","guid":{"rendered":"http:\/\/kravallslojd.se\/wordpress\/?p=4821"},"modified":"2011-03-07T19:10:18","modified_gmt":"2011-03-07T18:10:18","slug":"borjade-sy-pa-symaskinen-hemma-i-4-ars-aldern","status":"publish","type":"post","link":"https:\/\/kravallslojd.se\/wordpress\/?p=4821","title":{"rendered":"B\u00f6rjade sy p\u00e5 symaskinen hemma i 4-\u00e5rs \u00e5ldern."},"content":{"rendered":"<p><div id=\"attachment_4840\" style=\"width: 231px\" class=\"wp-caption aligncenter\"><a href=\"http:\/\/kravallslojd.se\/wordpress\/wp-content\/uploads\/2011\/03\/detalj11.jpg\" ><img aria-describedby=\"caption-attachment-4840\" decoding=\"async\" loading=\"lazy\" class=\"size-full wp-image-4840\" src=\"http:\/\/kravallslojd.se\/wordpress\/wp-content\/uploads\/2011\/03\/detalj11.jpg\" alt=\"Detalj Tovad Kl\u00e4nning Annelie Richardsson\" width=\"221\" height=\"253\" \/><\/a><p id=\"caption-attachment-4840\" class=\"wp-caption-text\">Detalj Tovad Kl\u00e4nning Annelie Richardsson<\/p><\/div><\/p>\n<p>Hur b\u00f6rjade d\u00e5 detta hantverksintresse? Det b\u00f6rjade gro v\u00e4ldigt tidigt i mig. Det finns bildbevis. Redan som 4 \u00e5ring satt jag vid mammas symaskin och sydde min f\u00f6rsta kollektion av ett gammalt tyg vi haft p\u00e5 v\u00e4ggen f\u00f6r att skydda tapeten mot barns slitage. En v\u00e4ldigt snygg kjol bland annat som jag sedan tvingade mina 2 yngre systrar att ha p\u00e5 sig n\u00e4r mamma tog kort. Jag kl\u00e4dde \u00e4ven ut mina systrar till bland annat \u00e4ppeltr\u00e4d, vilket ocks\u00e5 blev de f\u00f6rsta kreativa modebilderna. Med \u00e5ren som f\u00f6ljde blev det mer och mer sytt. Under skoltiden hade jag inte s\u00e5 bra ekonomi att jag kunde k\u00f6pa de finaste tygerna utan jag h\u00f6ll till godo med bommullstyger som kanske i f\u00f6rsta hand var avsedda f\u00f6r gardiner. Ibland lite f\u00f6r tjocka f\u00f6r \u00e4ndam\u00e5len, men en del kl\u00e4der blev riktigt bra. Jag \u00e4r lite road av dagens h\u00f6gsta mode med storblommiga kraftiga m\u00f6beltyger ! Jag vill bara s\u00e4ga, modet kommer igen. I garderoben hemma hos mamma och pappa h\u00e4ngde kl\u00e4derna kvar i m\u00e5nga \u00e5r efter att jag flyttat hemifr\u00e5n.\u00a0 Detta resulterade i en v\u00e4ldigt uppskattad modeshow. Jag mannek\u00e4ngade f\u00f6r familjen och n\u00e5gra kompisar som var inbjudna till grillkv\u00e4ll hos mina f\u00f6r\u00e4ldrar. Min ena syster l\u00e4ste upp en text som hade med varje kreation att g\u00f6ra, medans jag bytte plagg och skratten fl\u00f6dade. Detta var innan 80-tals modet kom tillbaks nu. Vi hade \u00e4ven hittat date parfym, alldeles f\u00f6r brunt puder som vi smetade p\u00e5, chockrosa \u00f6rh\u00e4ngen i plast som var alldeles f\u00f6r stora. R\u00f6da skor med j\u00e4ttestora rosetter och andra \u201dm\u00e5ste ha prylar\u201d fr\u00e5n 80-talet.<\/p>\n<p>Det var n\u00e5gon g\u00e5ng under min skolperiod jag kom hem med en kompis som jag hade lovat att jag skulle l\u00e4ra sy. Min mamma sa till henne. \u201dJa, hon har ju sytt mycket genom \u00e5ren och det v\u00e4rsta \u00e4r ju att hon anv\u00e4nde det ocks\u00e5!!\u201d<\/p>\n","protected":false},"excerpt":{"rendered":"<p>Hur b\u00f6rjade d\u00e5 detta hantverksintresse? Det b\u00f6rjade gro v\u00e4ldigt tidigt i mig. Det finns bildbevis. Redan som 4 \u00e5ring satt jag vid mammas symaskin och sydde min f\u00f6rsta kollektion av ett gammalt tyg vi haft p\u00e5 v\u00e4ggen f\u00f6r att skydda tapeten mot barns slitage. En v\u00e4ldigt snygg kjol bland annat som jag sedan tvingade mina [&hellip;]<\/p>\n","protected":false},"author":152,"featured_media":0,"comment_status":"open","ping_status":"open","sticky":false,"template":"","format":"standard","meta":[],"categories":[503],"tags":[1774,510],"_links":{"self":[{"href":"https:\/\/kravallslojd.se\/wordpress\/index.php?rest_route=\/wp\/v2\/posts\/4821"}],"collection":[{"href":"https:\/\/kravallslojd.se\/wordpress\/index.php?rest_route=\/wp\/v2\/posts"}],"about":[{"href":"https:\/\/kravallslojd.se\/wordpress\/index.php?rest_route=\/wp\/v2\/types\/post"}],"author":[{"embeddable":true,"href":"https:\/\/kravallslojd.se\/wordpress\/index.php?rest_route=\/wp\/v2\/users\/152"}],"replies":[{"embeddable":true,"href":"https:\/\/kravallslojd.se\/wordpress\/index.php?rest_route=%2Fwp%2Fv2%2Fcomments&post=4821"}],"version-history":[{"count":2,"href":"https:\/\/kravallslojd.se\/wordpress\/index.php?rest_route=\/wp\/v2\/posts\/4821\/revisions"}],"predecessor-version":[{"id":4841,"href":"https:\/\/kravallslojd.se\/wordpress\/index.php?rest_route=\/wp\/v2\/posts\/4821\/revisions\/4841"}],"wp:attachment":[{"href":"https:\/\/kravallslojd.se\/wordpress\/index.php?rest_route=%2Fwp%2Fv2%2Fmedia&parent=4821"}],"wp:term":[{"taxonomy":"category","embeddable":true,"href":"https:\/\/kravallslojd.se\/wordpress\/index.php?rest_route=%2Fwp%2Fv2%2Fcategories&post=4821"},{"taxonomy":"post_tag","embeddable":true,"href":"https:\/\/kravallslojd.se\/wordpress\/index.php?rest_route=%2Fwp%2Fv2%2Ftags&post=4821"}],"curies":[{"name":"wp","href":"https:\/\/api.w.org\/{rel}","templated":true}]}}