{"id":4828,"date":"2011-03-07T18:59:50","date_gmt":"2011-03-07T17:59:50","guid":{"rendered":"http:\/\/kravallslojd.se\/wordpress\/?p=4828"},"modified":"2011-03-07T19:00:29","modified_gmt":"2011-03-07T18:00:29","slug":"4828","status":"publish","type":"post","link":"https:\/\/kravallslojd.se\/wordpress\/?p=4828","title":{"rendered":"Tovnings\u00e5ret 2010"},"content":{"rendered":"<p style=\"text-align: center\">&nbsp;<\/p>\n<p><div id=\"attachment_4831\" style=\"width: 294px\" class=\"wp-caption aligncenter\"><a href=\"http:\/\/kravallslojd.se\/wordpress\/wp-content\/uploads\/2011\/03\/greenbowl4.jpg\" ><img aria-describedby=\"caption-attachment-4831\" decoding=\"async\" loading=\"lazy\" class=\"size-full wp-image-4831 \" src=\"http:\/\/kravallslojd.se\/wordpress\/wp-content\/uploads\/2011\/03\/greenbowl4.jpg\" alt=\"Tovad sk\u00e5l Annelie Richardsson\" width=\"284\" height=\"302\" srcset=\"https:\/\/kravallslojd.se\/wordpress\/wp-content\/uploads\/2011\/03\/greenbowl4.jpg 284w, https:\/\/kravallslojd.se\/wordpress\/wp-content\/uploads\/2011\/03\/greenbowl4-282x300.jpg 282w\" sizes=\"(max-width: 284px) 100vw, 284px\" \/><\/a><p id=\"caption-attachment-4831\" class=\"wp-caption-text\">Tovad sk\u00e5l Annelie Richardsson<\/p><\/div><\/p>\n<p>St\u00f6rsta h\u00e4ndelsen under \u00e5ret tycker jag var en riktigt h\u00e4rlig sommarvecka p\u00e5 Gotland d\u00e5 jag var ledare p\u00e5 \u201dKreatov\u201d p\u00e5 Gotland. Temat i \u00e5r var \u201dB\u00e4rbar filt\u201d Jag fick fr\u00e5gan av Birgitta Nygren, hemsl\u00f6jds konsulent p\u00e5 Gotland om jag ville komma och leda kurs. \u201dHattar med bubblor och veck\u201d \u00a0Gruppen som skulle tillverka hattar visade sig vara en grupp p\u00e5 11 personer som ocks\u00e5 ville g\u00f6ra v\u00e4skor. 11 personar var en relativt stor grupp om man skall hinna se och vara med p\u00e5 vad alla g\u00f6r. Men det gick bra. De gjorde j\u00e4tte fina saker. V\u00e4ldigt kul att se. Det var olika hur mycket deltagarna hade tovat innan, vid presentationen f\u00f6rsta dagen sa en att hon tovat i 30 \u00e5r, jag k\u00e4nde lite stress \u00f6ver det, vad skulle jag tillf\u00f6ra t\u00e4nkte jag. Sedan var det n\u00e5gra som inte tovat alls stort sett, s\u00e5 utmaning fanns! Det som f\u00f6rst h\u00e4nde var att jag presenterade mig och s\u00e5 startade vi med en liten visning av hur man t\u00e4nker n\u00e4r man g\u00f6r mallar och l\u00e4gger ut ullen p\u00e5 mallen. Jag tog sedan en stor mall och b\u00f6rjade visa hur man l\u00e4gger ut ullen, hur tjockt osv.Vilket jag ins\u00e5g inom 1 minut att det skulle ta en v\u00e4ldig tid att g\u00f6ra klart, s\u00e5 jag lade bara ut ull p\u00e5 en bit och f\u00f6rs\u00f6kte f\u00f6rklara resten hur jag t\u00e4nkte. Sedan b\u00f6rjade jag visa hur man g\u00f6r bubblor och veck, vilket kursen skulle g\u00e5 ut p\u00e5. \u00a0Sedan fr\u00e5gade jag om alla f\u00f6rst\u00e5tt och d\u00e5 sa alla \u201dNej\u201d \u00a0Det var ju inte s\u00e5 mycket att g\u00f6ra \u00e5t det, jag ville att de skulle komma ig\u00e5ng och s\u00e5 b\u00f6rjade vi\u2026 Det k\u00e4ndes inte bra till en b\u00f6rjan. Men sedan kom de ig\u00e5ng och resultaten blev v\u00e4ldigt fina och det var v\u00e4ldigt kul att leda gruppen. \u00a0De hade s\u00e5 olika erfarenhet och kreativiteten fl\u00f6dade, efter 2 dagar hade de f\u00e5tt ihop en j\u00e4tte fin samling hattar som visades sista dagen i en stor utst\u00e4llning. Alla deltagare p\u00e5 Kreatov deltog i 2 olika kurser vilket jag tycker \u00e4r ett bra uppl\u00e4gg. \u00a0Vi hann \u00e4ven med guidad rundvandring i Visby, f\u00f6rel\u00e4sningar p\u00e5 kv\u00e4llen och \u00e4ven modevisning i en ruin en kv\u00e4ll inne i Visby. Att tr\u00e4ffa alla dessa kreativa tovningsdamer och s\u00e5 Erik var v\u00e4ldigt h\u00e4rligt.<\/p>\n<p><div id=\"attachment_4832\" style=\"width: 312px\" class=\"wp-caption aligncenter\"><a href=\"http:\/\/kravallslojd.se\/wordpress\/wp-content\/uploads\/2011\/03\/DSC05338.jpg\" ><img aria-describedby=\"caption-attachment-4832\" decoding=\"async\" loading=\"lazy\" class=\"size-full wp-image-4832\" src=\"http:\/\/kravallslojd.se\/wordpress\/wp-content\/uploads\/2011\/03\/DSC05338.jpg\" alt=\"Tovad Nemi Annelie Richardsson \" width=\"302\" height=\"207\" srcset=\"https:\/\/kravallslojd.se\/wordpress\/wp-content\/uploads\/2011\/03\/DSC05338.jpg 302w, https:\/\/kravallslojd.se\/wordpress\/wp-content\/uploads\/2011\/03\/DSC05338-300x205.jpg 300w\" sizes=\"(max-width: 302px) 100vw, 302px\" \/><\/a><p id=\"caption-attachment-4832\" class=\"wp-caption-text\">Tovad Nemi Annelie Richardsson <\/p><\/div><\/p>\n<p>Efter Kreatov p\u00e5 Gotland som f\u00f6r \u00f6vrigt kommer att g\u00e5 av stapeln igen om ett par \u00e5r igen har det har det blivit en del andra kurser . Oftast hemma i k\u00f6ket ute p\u00e5 Orust d\u00e4r vi bor min sambo, katten och jag. Ni som tovar, k\u00e4nner igen att ullen ocks\u00e5 bor hemma hos er?\u00a0 Den n\u00e4stlar sig in \u00f6verallt.\u00a0 Man f\u00f6rs\u00f6ker pressa in den i l\u00e5dor och sk\u00e5p, men den kommer \u00e4nd\u00e5 ut. En sak min sambo sa f\u00f6r ett tag sedan var ganska rolig. Vi hade st\u00e4dat, sedan kom ett g\u00e4ng och tovade p\u00e5 helgen och s\u00e5 skulle det komma folk till oss och \u00e4ta. Jag bad honom dammsuga innan g\u00e4sterna d\u00f6k upp. \u201dMen det \u00e4r ju inget damm, det \u00e4r bara ull\u201d. Det \u00e4r bara sv\u00e5rt f\u00f6r andra att se skillnad p\u00e5 en dammr\u00e5tta och en ulltott.<\/p>\n<p><div id=\"attachment_4833\" style=\"width: 413px\" class=\"wp-caption aligncenter\"><a href=\"http:\/\/kravallslojd.se\/wordpress\/wp-content\/uploads\/2011\/03\/DSC05468.jpg\" ><img aria-describedby=\"caption-attachment-4833\" decoding=\"async\" loading=\"lazy\" class=\"size-full wp-image-4833\" src=\"http:\/\/kravallslojd.se\/wordpress\/wp-content\/uploads\/2011\/03\/DSC05468.jpg\" alt=\"Handf\u00e4rgad Silke att tova med Annelie Richardsson\" width=\"403\" height=\"270\" srcset=\"https:\/\/kravallslojd.se\/wordpress\/wp-content\/uploads\/2011\/03\/DSC05468.jpg 403w, https:\/\/kravallslojd.se\/wordpress\/wp-content\/uploads\/2011\/03\/DSC05468-300x200.jpg 300w\" sizes=\"(max-width: 403px) 100vw, 403px\" \/><\/a><p id=\"caption-attachment-4833\" class=\"wp-caption-text\">F\u00e4rgad Silke att tova med Annelie Richardsson<\/p><\/div><\/p>\n<p>N\u00e5gra kurser p\u00e5 Stenungsunds kulturhus har det blivit under \u00e5ret ocks\u00e5. De har tovat silkessjalar med merinoull\u00a0 och blankt mullb\u00e4rssilke som dekoration, s\u00e5 olika men alla s\u00e5 fina! Nunotovning g\u00f6r sig v\u00e4ldigt bra i kombinationen siden och ull. Det blanka sidentyget tittar fram mellan ullen.<\/p>\n<p><em> <\/em><\/p>\n<p>En sak jag ser fram emot nu \u00e4r sommaren. Inte bara f\u00f6r att det blir ljusa kv\u00e4llar och att det blir varmare. Utan ocks\u00e5 f\u00f6r att det skall bli utst\u00e4llning p\u00e5 Galleri Svennerholm p\u00e5 Orust d\u00e4r \u00e4ven jag skall st\u00e4lla ut. Har b\u00f6rjat tillverka nya saker inf\u00f6r utst\u00e4llningen och hoppas \u00e5sk\u00e5dare skall f\u00e5 en b\u00e5de fin och glad upplevelse. Utst\u00e4llningen \u00e4r i 4 veckor Juli\u00a0 till f\u00f6rsta veckan i Augusti. Galleri Svennerholm har jag f\u00f6rr om \u00e5ren sett som ett fint utflyktsm\u00e5l. Jag rekommenderar er n\u00e5gra smultronst\u00e4llen p\u00e5 V\u00e4stkusten ute p\u00e5 Orust och Tj\u00f6rn sommartid. H\u00e4r finns n\u00e5gra loppisar att slinka in p\u00e5, ett v\u00e4ldigt mysigt cafe \u201dSunsdby g\u00e5rd\u201d p\u00e5 Tj\u00f6rn. I gammaldags milj\u00f6 och med trdg\u00e5rd att sitta i och dessutom uts\u00f6kt goda hembakta kakor och br\u00f6d. Chokladtryffelt\u00e5rta \u00e4r en favorit. Utomhus utst\u00e4llningen \u201dPilarne\u201d p\u00e5 Orust och s\u00e5 sl\u00f6jd f\u00f6rs\u00e4ljning i Kungsviken som p\u00e5g\u00e5r under hela sommaren d\u00e4r \u00f6ver 50 hantverkare st\u00e4ller ut saker av h\u00f6g kvalite som man dessutom kan k\u00f6pa. <em> <\/em>Sedan \u00e4r \u00f6arna v\u00e4l v\u00e4rda ett bes\u00f6k bara f\u00f6r sin natur dessutom. S\u00e5 ta med kameran! Anledningen att jag blev tillfr\u00e5gad att vara med p\u00e5 Galleri Svennerholm \u00e4r att de ville ha n\u00e5gon som st\u00e4ller ut \u201dn\u00e5got kul\u201d Det skall jag se till hoppas jag.<\/p>\n","protected":false},"excerpt":{"rendered":"<p>&nbsp; St\u00f6rsta h\u00e4ndelsen under \u00e5ret tycker jag var en riktigt h\u00e4rlig sommarvecka p\u00e5 Gotland d\u00e5 jag var ledare p\u00e5 \u201dKreatov\u201d p\u00e5 Gotland. Temat i \u00e5r var \u201dB\u00e4rbar filt\u201d Jag fick fr\u00e5gan av Birgitta Nygren, hemsl\u00f6jds konsulent p\u00e5 Gotland om jag ville komma och leda kurs. \u201dHattar med bubblor och veck\u201d \u00a0Gruppen som skulle tillverka hattar [&hellip;]<\/p>\n","protected":false},"author":152,"featured_media":0,"comment_status":"open","ping_status":"open","sticky":false,"template":"","format":"standard","meta":[],"categories":[503],"tags":[1774,508,509,507],"_links":{"self":[{"href":"https:\/\/kravallslojd.se\/wordpress\/index.php?rest_route=\/wp\/v2\/posts\/4828"}],"collection":[{"href":"https:\/\/kravallslojd.se\/wordpress\/index.php?rest_route=\/wp\/v2\/posts"}],"about":[{"href":"https:\/\/kravallslojd.se\/wordpress\/index.php?rest_route=\/wp\/v2\/types\/post"}],"author":[{"embeddable":true,"href":"https:\/\/kravallslojd.se\/wordpress\/index.php?rest_route=\/wp\/v2\/users\/152"}],"replies":[{"embeddable":true,"href":"https:\/\/kravallslojd.se\/wordpress\/index.php?rest_route=%2Fwp%2Fv2%2Fcomments&post=4828"}],"version-history":[{"count":3,"href":"https:\/\/kravallslojd.se\/wordpress\/index.php?rest_route=\/wp\/v2\/posts\/4828\/revisions"}],"predecessor-version":[{"id":4836,"href":"https:\/\/kravallslojd.se\/wordpress\/index.php?rest_route=\/wp\/v2\/posts\/4828\/revisions\/4836"}],"wp:attachment":[{"href":"https:\/\/kravallslojd.se\/wordpress\/index.php?rest_route=%2Fwp%2Fv2%2Fmedia&parent=4828"}],"wp:term":[{"taxonomy":"category","embeddable":true,"href":"https:\/\/kravallslojd.se\/wordpress\/index.php?rest_route=%2Fwp%2Fv2%2Fcategories&post=4828"},{"taxonomy":"post_tag","embeddable":true,"href":"https:\/\/kravallslojd.se\/wordpress\/index.php?rest_route=%2Fwp%2Fv2%2Ftags&post=4828"}],"curies":[{"name":"wp","href":"https:\/\/api.w.org\/{rel}","templated":true}]}}