{"id":483,"date":"2008-02-21T00:29:33","date_gmt":"2008-02-20T22:29:33","guid":{"rendered":"http:\/\/kravallslojd.se\/bloggen\/?p=529"},"modified":"2008-02-21T00:29:33","modified_gmt":"2008-02-20T22:29:33","slug":"varbergsbesok","status":"publish","type":"post","link":"https:\/\/kravallslojd.se\/wordpress\/?p=483","title":{"rendered":"Varbergsbes\u00f6k"},"content":{"rendered":"<p><a href=\"http:\/\/kravallslojd.se\/bloggen\/wp-content\/uploads\/2008\/02\/img_1190.jpg\"  title=\"En v\u00e4ska packad med sl\u00f6jd\"><\/a><\/p>\n<p>Hej igen!<\/p>\n<p>S\u00e5 var man hemma i Halmstad igen efter tv\u00e5 dagar utomst\u00e4des. Har jobbat p\u00e5 f\u00e4stningen med sportlovssl\u00f6jd. Hade workshop i broderi b\u00e5de idag och ig\u00e5r. Barnen som kom fick en bit vadmal som det var t\u00e4nkt att de skulle sy p\u00e5sar\/mobilfodral av men det blev b\u00e5de det ena och det andra. Ganska m\u00e5nga dukar faktiskt. P\u00e4rlor, knappar, paljetter och lintr\u00e5d prydde skapelserna. Det \u00e4r kul att tr\u00e4ffa barn i workshopsammanhang. Vilket t\u00e5lamod vissa barn har! De kan sitta i timmar och bara sy. Jag \u00e4r imponerad. Vi f\u00f6rs\u00f6kte ragga n\u00e5gra Varbergsbarn till Sl\u00f6jdklubben som startar d\u00e4r till h\u00f6sten.<\/p>\n<p><img decoding=\"async\" src=\"http:\/\/kravallslojd.se\/bloggen\/wp-content\/uploads\/2008\/02\/img_1386.jpg\" alt=\"Broderad duk\" \/><\/p>\n<p><a href=\"http:\/\/kravallslojd.se\/bloggen\/wp-content\/uploads\/2008\/02\/img_1190.jpg\"  title=\"En v\u00e4ska packad med sl\u00f6jd\"><\/a><img decoding=\"async\" src=\"http:\/\/kravallslojd.se\/bloggen\/wp-content\/uploads\/2008\/02\/img_1394.jpg\" alt=\"Mobilfodral med knappar och band\" \/><a href=\"http:\/\/kravallslojd.se\/bloggen\/wp-content\/uploads\/2008\/02\/img_1190.jpg\"  title=\"En v\u00e4ska packad med sl\u00f6jd\"><\/a><\/p>\n<p>Sov \u00f6ver hos kompisar i ett fantastiskt hus utanf\u00f6r Derome. H\u00e4rligt att komma ut p\u00e5 landet och f\u00e5 ta en skogspromenad i frisk morgonluft. Vi sydde lite ihop, jag och Anneli. Mitt lappt\u00e4cke blev n\u00e4stan klart. Funderar just nu p\u00e5 om det ska quiltas eller inte&#8230; Baksidan \u00e4r lite slapp i tyget (jag \u00e4r tyv\u00e4rr inte s\u00e5 noggrann alltid&#8230;) men det blir nog inte b\u00e4ttre om det quiltas.<\/p>\n<p>Varbergsbes\u00f6ket avslutades med sex kalla dopp i kallbadhuset. 3,5 grader i vattnet och 5 grader i luften. Bastade givetvis mellan doppen! Vilken h\u00e4rlig k\u00e4nsla att sitta i bastun och titta ut genom de vackra panoramaf\u00f6nstrerna p\u00e5 havet och f\u00f6rbipasserande b\u00e5tar, ljus t\u00e4nda i f\u00f6nstret&#8230; Dit ska jag \u00e5ka igen! Funderar p\u00e5 att designa ett \u00e5terbes\u00f6k i Varberg med utst\u00e4llningsbes\u00f6k (Sitt fint \u00e4r en underbar utst\u00e4llning) och kallbadsbes\u00f6k. M\u00e5ste bara lobba f\u00f6r det&#8230;<\/p>\n<p><img decoding=\"async\" src=\"http:\/\/kravallslojd.se\/bloggen\/wp-content\/uploads\/2008\/02\/img_1420.tumnagel.jpg\" alt=\"Kallbadhuset i Varberg\" \/><\/p>\n<p>Underbar byggnad, v\u00e4rt ett bes\u00f6k bara f\u00f6r husets skull.<\/p>\n<p>Lisa<\/p>\n<address><\/address>\n","protected":false},"excerpt":{"rendered":"<p>Hej igen! S\u00e5 var man hemma i Halmstad igen efter tv\u00e5 dagar utomst\u00e4des. Har jobbat p\u00e5 f\u00e4stningen med sportlovssl\u00f6jd. Hade workshop i broderi b\u00e5de idag och ig\u00e5r. Barnen som kom fick en bit vadmal som det var t\u00e4nkt att de skulle sy p\u00e5sar\/mobilfodral av men det blev b\u00e5de det ena och det andra. Ganska m\u00e5nga [&hellip;]<\/p>\n","protected":false},"author":51,"featured_media":0,"comment_status":"open","ping_status":"closed","sticky":false,"template":"","format":"standard","meta":[],"categories":[58],"tags":[],"_links":{"self":[{"href":"https:\/\/kravallslojd.se\/wordpress\/index.php?rest_route=\/wp\/v2\/posts\/483"}],"collection":[{"href":"https:\/\/kravallslojd.se\/wordpress\/index.php?rest_route=\/wp\/v2\/posts"}],"about":[{"href":"https:\/\/kravallslojd.se\/wordpress\/index.php?rest_route=\/wp\/v2\/types\/post"}],"author":[{"embeddable":true,"href":"https:\/\/kravallslojd.se\/wordpress\/index.php?rest_route=\/wp\/v2\/users\/51"}],"replies":[{"embeddable":true,"href":"https:\/\/kravallslojd.se\/wordpress\/index.php?rest_route=%2Fwp%2Fv2%2Fcomments&post=483"}],"version-history":[{"count":0,"href":"https:\/\/kravallslojd.se\/wordpress\/index.php?rest_route=\/wp\/v2\/posts\/483\/revisions"}],"wp:attachment":[{"href":"https:\/\/kravallslojd.se\/wordpress\/index.php?rest_route=%2Fwp%2Fv2%2Fmedia&parent=483"}],"wp:term":[{"taxonomy":"category","embeddable":true,"href":"https:\/\/kravallslojd.se\/wordpress\/index.php?rest_route=%2Fwp%2Fv2%2Fcategories&post=483"},{"taxonomy":"post_tag","embeddable":true,"href":"https:\/\/kravallslojd.se\/wordpress\/index.php?rest_route=%2Fwp%2Fv2%2Ftags&post=483"}],"curies":[{"name":"wp","href":"https:\/\/api.w.org\/{rel}","templated":true}]}}