{"id":484,"date":"2008-02-21T22:16:22","date_gmt":"2008-02-21T20:16:22","guid":{"rendered":"http:\/\/kravallslojd.se\/bloggen\/?p=535"},"modified":"2008-02-21T22:16:22","modified_gmt":"2008-02-21T20:16:22","slug":"balders-mote-2008","status":"publish","type":"post","link":"https:\/\/kravallslojd.se\/wordpress\/?p=484","title":{"rendered":"Balders m\u00f6te 2008"},"content":{"rendered":"<p>\u00c4r du mellan 13 \u00e5r och 25 \u00e5r? Har du lust att \u00e5ka p\u00e5 l\u00e4ger i sommar? Jag f\u00f6rs\u00f6ker just nu att marknadsf\u00f6ra ett undomsl\u00e4ger som ska arrangeras i Halland i \u00e5r. Vi ska h\u00e5lla till p\u00e5 \u00c4stad 4h-g\u00e5rd mellan Varberg och Falkenberg under v. 31. Det finns fyra tekniker att v\u00e4lja p\u00e5 och l\u00e4gret kommer antagligen att bli j\u00e4tteroligt! Jag har sj\u00e4lv varit deltagare tv\u00e5 \u00e5r men \u00e4r nu f\u00f6r gammal och har ist\u00e4llet f\u00e5tt \u00e4ran att arrangera l\u00e4gret tillsammans med mina sydl\u00e4nshemsl\u00f6jdskollegor. Vill du veta mer s\u00e5 finns det en blogg att bes\u00f6ka <a target=\"_blank\" href=\"http:\/\/baldersmote.blogspot.com\" >http:\/\/baldersmote.blogspot.com<\/a>. Jag jobbar med den lite d\u00e5 och d\u00e5 men det g\u00e5r lite segt. Jag vill ha en massa fantastiska bilder men jag har tyv\u00e4rr inte s\u00e5 stor bildbank \u00e4nnu&#8230; Har bara haft min kamera i n\u00e5gra m\u00e5nader men f\u00f6rs\u00f6ker fota s\u00e5 mycket jag bara hinner.<\/p>\n<p>Om vi ska \u00e5terg\u00e5 till l\u00e4ger. Det \u00e4r ju s\u00e5 mycket trevligare att sl\u00f6jda ihop med andra. Jag tycker att l\u00e4ger \u00e4r helt fantastiskt. Man f\u00e5r mat, man sl\u00f6jdar, \u00e4ter, sl\u00f6jdar, \u00e4ter, badar, sover osv. Och man hinner klart (oftast). Jag var med p\u00e5 Balders m\u00f6te 2006 i dynverkstaden. Sydde mig en l\u00e5ng dyna tilll mitt sittskost\u00e4ll fr\u00e5n Ikea. Tyv\u00e4rr \u00e4r det inte stoppad \u00e4nnu. Hade stora planer p\u00e5 att m\u00e5ttbest\u00e4lla en innerkudde fr\u00e5n hemsl\u00f6jden men har inte gjort det \u00e4nnu! Den funkar som platt dyna ocks\u00e5&#8230; 2007 anordnade Unga Sl\u00f6jdare Nordiskt ungdomsl\u00e4ger i samband med Nordiskt familjel\u00e4ger.\u00a0D\u00e5 tovade jag en hel vecka. Det blev en massa olika saker som tovades. Jag passade p\u00e5 att testa tekniker jag inte pr\u00f6vat p\u00e5 f\u00f6rut. Vi fick se det nya programmet @tova som v\u00e5r tovningsledare Mi M\u00f6ller hade gjort. \u00c4r sugen p\u00e5 att best\u00e4lla programmet till min sl\u00f6jdsal s\u00e5 sm\u00e5ningom (det \u00e4r fr\u00e4mst t\u00e4nkt f\u00f6r skolsl\u00f6jden). Eftersom jag numera tillh\u00f6r vuxenv\u00e4rlden f\u00e5r jag antingen f\u00f6rs\u00f6ka h\u00e5lla mig fast vid l\u00e4gerarrang\u00f6rskapet eller s\u00e5 f\u00e5r jag \u00e5ka p\u00e5 familjel\u00e4ger om jag ska f\u00e5 min l\u00e4gerk\u00e4nsla under somrarna. Har du aldrig varit p\u00e5 l\u00e4ger borde du definitivt ta chansen och vara med (om du \u00e4r under 25 \u00e5r vill s\u00e4ga&#8230;)<\/p>\n<p>P\u00e5 lapptekniksfronten har tyg inhandlats idag. Jag ska sy ett lite st\u00f6rre t\u00e4cke denna g\u00e5ng. Har en gr\u00f6n duk med r\u00f6da \u00e4pplen som utg\u00e5ngspunkt. F\u00f6r att dryga ut den vackra duken har jag k\u00f6pt ett r\u00f6tt tyg i lakansv\u00e4v, b\u00e5de till rutor och till bakstycke. Jag b\u00f6rjar falla f\u00f6r lapptekniken, p\u00e5 mitt s\u00e4tt. Man kan dryga ut ett snyggt tyg s\u00e5 att det k\u00e4nns som man har mer av det. Min lysgr\u00f6na duk passar inte hemma hos mig men p\u00e5 ett litet t\u00e4cke fungerar det. S\u00e5 g\u00e5 ut och k\u00f6p galna dukar p\u00e5 loppis (den gr\u00f6na kostade 2 kronor), dryga ut dem med lakansv\u00e4v eller n\u00e5got annat billigt tyg och sy sm\u00e5 saker. Sittunderl\u00e4gg, grytlappar, kuddar. Det finns s\u00e5 mycket som kan f\u00f6rgyllas med lite lappteknik.<\/p>\n<p>H\u00f6ll p\u00e5 att gl\u00f6mma! Har varit p\u00e5 biblioteket och haft workshop idag. Fick tr\u00e4ffa ett g\u00e4ng 7-10-\u00e5ringar som vek askar av gamla biblioteksb\u00f6cker. Det var j\u00e4tteroligt! Morm\u00f6drarna blev lite f\u00f6rskr\u00e4ckta n\u00e4r de s\u00e5g att vi klippte i gamla b\u00f6cker men de lugnade sig snart d\u00e5 jag f\u00f6rklarade att det var helt ok. Snacka om \u00e5terbruk! Vi vek ocks\u00e5 askar av tapetprover fr\u00e5n f\u00e4rghandeln. Vill man veta hur man viker en ask finns det n\u00e4rmare instruktioner p\u00e5 bloggen <a target=\"_blank\" href=\"http:\/\/slojdfeber.blogspot.com\" >http:\/\/slojdfeber.blogspot.com<\/a>. Ska f\u00f6rs\u00f6ka l\u00e4gga ut bilder av askarna p\u00e5 bloggen inom kort. Sl\u00f6jdfeber \u00e4r f\u00f6rresten en annan blogg som jag f\u00f6rs\u00f6ker underh\u00e5lla. Den riktar sig fr\u00e4mst till unga, sl\u00f6jdintresserade hall\u00e4nningar men jag tror att de flesta av mina l\u00e4sare \u00e4r n\u00e5got \u00e4ldre och bor utanf\u00f6r Halland&#8230; Jag f\u00f6rs\u00f6ker sprida sl\u00f6jd s\u00e5 det f\u00e5r v\u00e4l kvitta!<\/p>\n<p>Nu<\/p>\n","protected":false},"excerpt":{"rendered":"<p>\u00c4r du mellan 13 \u00e5r och 25 \u00e5r? Har du lust att \u00e5ka p\u00e5 l\u00e4ger i sommar? Jag f\u00f6rs\u00f6ker just nu att marknadsf\u00f6ra ett undomsl\u00e4ger som ska arrangeras i Halland i \u00e5r. Vi ska h\u00e5lla till p\u00e5 \u00c4stad 4h-g\u00e5rd mellan Varberg och Falkenberg under v. 31. Det finns fyra tekniker att v\u00e4lja p\u00e5 och l\u00e4gret [&hellip;]<\/p>\n","protected":false},"author":51,"featured_media":0,"comment_status":"open","ping_status":"closed","sticky":false,"template":"","format":"standard","meta":[],"categories":[58],"tags":[],"_links":{"self":[{"href":"https:\/\/kravallslojd.se\/wordpress\/index.php?rest_route=\/wp\/v2\/posts\/484"}],"collection":[{"href":"https:\/\/kravallslojd.se\/wordpress\/index.php?rest_route=\/wp\/v2\/posts"}],"about":[{"href":"https:\/\/kravallslojd.se\/wordpress\/index.php?rest_route=\/wp\/v2\/types\/post"}],"author":[{"embeddable":true,"href":"https:\/\/kravallslojd.se\/wordpress\/index.php?rest_route=\/wp\/v2\/users\/51"}],"replies":[{"embeddable":true,"href":"https:\/\/kravallslojd.se\/wordpress\/index.php?rest_route=%2Fwp%2Fv2%2Fcomments&post=484"}],"version-history":[{"count":0,"href":"https:\/\/kravallslojd.se\/wordpress\/index.php?rest_route=\/wp\/v2\/posts\/484\/revisions"}],"wp:attachment":[{"href":"https:\/\/kravallslojd.se\/wordpress\/index.php?rest_route=%2Fwp%2Fv2%2Fmedia&parent=484"}],"wp:term":[{"taxonomy":"category","embeddable":true,"href":"https:\/\/kravallslojd.se\/wordpress\/index.php?rest_route=%2Fwp%2Fv2%2Fcategories&post=484"},{"taxonomy":"post_tag","embeddable":true,"href":"https:\/\/kravallslojd.se\/wordpress\/index.php?rest_route=%2Fwp%2Fv2%2Ftags&post=484"}],"curies":[{"name":"wp","href":"https:\/\/api.w.org\/{rel}","templated":true}]}}