{"id":489,"date":"2008-02-28T00:42:13","date_gmt":"2008-02-27T22:42:13","guid":{"rendered":"http:\/\/kravallslojd.se\/bloggen\/?p=540"},"modified":"2008-02-28T00:42:13","modified_gmt":"2008-02-27T22:42:13","slug":"onsdag-2","status":"publish","type":"post","link":"https:\/\/kravallslojd.se\/wordpress\/?p=489","title":{"rendered":"Onsdag"},"content":{"rendered":"<p>Dagarna g\u00e5r, som man brukar s\u00e4ga. F\u00f6rst praktiken. I g\u00e5r var jag i <a target=\"_blank\" href=\"http:\/\/www.afroart.se\" >Afroarts<\/a>\u00a0andra butik, den ligger en halvt kvarter ovanf\u00f6r <a target=\"_blank\" href=\"http:\/\/www.svenskslojd.se\" >Svensk Sl\u00f6jd<\/a> p\u00e5 <a target=\"_blank\" href=\"http:\/\/www.hitta.se\/ViewDetailsPlace.aspx?vad=&amp;var=Nybrogatan+29&amp;StreetNumberId=100442834\" >Nybrogatan<\/a>\u00a0[fina gatan]. Det onekligen v\u00e4ldigt sp\u00e4nnande att byta milj\u00f6 s\u00e5; f\u00f6r det \u00e4r bara att inse att det \u00e4r en j\u00e4kla skillnad p\u00e5 folk och folk. Jag gillar omv\u00e4xlingen. Jag gillar att det \u00e4r samma sortiment i butiken\u00a0p\u00e5 \u00d6stermalm som i den p\u00e5 S\u00f6dermalm\u00a0och det \u00e4r sp\u00e4nnande att se vad det \u00e4r som &#8221;g\u00e5r&#8221; i de olika butikerna. Det \u00e4r v\u00e4l faktiskt s\u00e5 att vi i n\u00e5gon m\u00e5n \u00e4r det vi konsumerar, kanske speglar det inte bara den vi \u00e4r utan snarare den vi vill vara? Eller kanske den vi inte kan l\u00e5ta bli att vara, eller &#8211; s\u00e5 s\u00e4ger den Ingenting. Inte ens lite. Kanske speglar den bara ett socialt spel d\u00e4r vi genom att skaffa oss f\u00f6rem\u00e5l som p\u00e5 ett eller annat s\u00e4tt f\u00f6rklarar vem vi \u00c4R g\u00f6r oss lite lite mer tydliga i en v\u00e4rld d\u00e4r ingen \u00e4r mer tydlig \u00e4n den g\u00f6r sig? Ja, fan vet &#8211; som farfar skulle ha sagt.<\/p>\n<p>Farfar. Kom att t\u00e4nka p\u00e5 honom n\u00e4r jag l\u00e4ste <a href=\"http:\/\/kravallslojd.se\/bloggen\/?p=537\" >Lisas inl\u00e4gg <\/a>h\u00e4romdagen. Hans vadl\u00e5nga randiga flanellnattskjortor \u00f6ver de p\u00e5 \u00e5lderns h\u00f6st r\u00e4tt skraltiga benen. Jag minns att de var kraftiga n\u00e4r jag var liten, &#8221;Fotbollsvader\u00a0Erika. Jag har fotbollsvader!&#8221; brukade han s\u00e4ga n\u00e4r jag fnissade \u00e5t hans nakna sommarben. Han gick i bl\u00e5st\u00e4llsshorts [korts:] fr\u00e5n april till september. Han var en j\u00e4kel p\u00e5 att spela yatzy och bowling, p\u00e5 att ro och p\u00e5 att l\u00e4gga n\u00e4t. Varf\u00f6r lade jag inte beslag p\u00e5 hans nattskjortor? Hade velat t\u00e4nka efter f\u00f6re, som Lisa. Smart. Sj\u00e4lv har jag i alla fall en gammal morgonrock kvar efter farfar &#8211; kanske kan det bli n\u00e5got? Frott\u00e9 \u00e4r inget material jag k\u00e4nner s\u00e4rskilt v\u00e4l. Det kan bli hur bra som helst.<\/p>\n<p>Det d\u00e4r med vad som triggar ens kreativitet \u00e4r r\u00e4tt sp\u00e4nnande. I g\u00e5r, p\u00e5 Cafe Hurtig, var vi n\u00e5gra som f\u00f6rs\u00f6kte ha <a target=\"_blank\" href=\"http:\/\/sthlmknitters.blogdrive.com\/\" >stickcaf\u00e9.<\/a> Vi motarbetades dock kraftigt av det faktum att samtliga fyra var lite f\u00f6r tr\u00f6tta. Men det blev en del intressanta samtal. Det fascinerar mig hur de kanske allra viktigaste samtalen bara pl\u00f6tsligt p\u00e5g\u00e5r, utan att man beh\u00f6ver s\u00e4tta i g\u00e5ng dem &#8211; best\u00e4mma sig &#8211; och sedan \u00e4r de liksom borta och man \u00f6nskar att man SKREV NED vad som sades. Samlande lite p\u00e5 dem. Ibland s\u00e4ger folk r\u00e4tt smarta saker n\u00e4r de \u00e4r tr\u00f6tta och n\u00e5gon har satt en stickning i h\u00e4nderna p\u00e5 dem.<\/p>\n<p>Varf\u00f6r sl\u00f6jdar man egentligen, till exempel &#8211; och har f\u00f6rem\u00e5len f\u00f6r ens sl\u00f6jd\/ eller de sl\u00f6jdade f\u00f6rem\u00e5len skiftat \u00f6ver \u00e5ren och i s\u00e5dana fall hur? <em>Vad stickar jag? N\u00e4stan bara funktionella ting &#8211; kl\u00e4der &#8211; och en herrans massa spetssjalar.<br \/>\nVarf\u00f6r det? F\u00f6r att jag k\u00e4nner att jag utvecklas av det, jag l\u00e4r mig mycket, det tar tid och det blir n\u00e5got jag kan anv\u00e4nda eller ge till n\u00e5gon utan att bry mig om storlek. Stickar jag samma saker nu som f\u00f6r tio \u00e5r sedan? Nej. Hur har det f\u00f6r\u00e4ndrats? Jag stickar mer efter m\u00f6nster nu, mycket mer och samtidigt \u00e4r jag mycket friare. Varf\u00f6r stickar jag? osv.<br \/>\n<\/em><br \/>\nDet \u00e4r r\u00e4tt sp\u00e4nnande att st\u00e4lla sig sj\u00e4lv de d\u00e4r fr\u00e5gorna. Vilka tekniker har tillkommit och fallit ifr\u00e5n. Delvis handlar det om att man l\u00e4r sig mer s\u00e5klart, och f\u00e5r tillg\u00e5ng till mer eller mindre material &#8211; redskap -utrymme. Det kr\u00e4vs f\u00f6rh\u00e5llandevis lite i material\/utrustnings\/lokalv\u00e4g n\u00e4r det g\u00e4ller stickning\/skedt\u00e4ljning\/en del korgfl\u00e4tning och man j\u00e4mf\u00f6r med stora v\u00e4vstolen eller en \u00e4ssja. Nu finns det ju b\u00e5de sm\u00e5 &#8221;kn\u00e4v\u00e4vstolar&#8221; och f\u00e4lt\u00e4ssjor, men ni hajar. Jag tycker i alla fall det. Det kan bero p\u00e5 att jag med \u00e5ren har insett att jag \u00e4r sm\u00e5tt besatt av kunskaps\/l\u00e4roprocesser. Det \u00e4r v\u00e4ldigt sp\u00e4nnande, och sl\u00f6jden g\u00f6r den ofta ganska tydlig. F\u00f6r visst speglas det som h\u00e4nder i mitt liv i det jag g\u00f6r med mina h\u00e4nder? eller kanske !<\/p>\n<p>Jag blir mer och mer medveten om vad som f\u00e5r ig\u00e5ng mig.\u00a0Oftast\u00a0kr\u00e4vs det v\u00e4ldigt lite och det handlar alltid om ett m\u00f6te. Ett m\u00f6te med en person, ett f\u00f6rem\u00e5l, en l\u00e5t, ett foto, en doft ja &#8211; vadsom egentligen. N\u00e5got\u00a0n\u00e5gon sagt som pl\u00f6tsligt dyker upp. N\u00e5got jag skrev ned eller skissade ned f\u00f6r ett bra tag sedan och\u00a0som pl\u00f6tsligt verkar kalasviktigt och v\u00e4ldigt sj\u00e4lvklart. Det \u00e4r bra\u00a0att skriva ned de d\u00e4r id\u00e9erna som\u00a0r\u00e4tt vad det \u00e4r b\u00f6rjar str\u00f6mma genom kroppen, f\u00f6r vissa dagar \u00e4r det desto mer\u00a0tr\u00f6gflytande. Lite surt och\u00a0k\u00e4rvt s\u00e5d\u00e4r.\u00a0\u00a0<\/p>\n<p>Just det. T\u00e4nkte puffa f\u00f6r en sak. I dag k\u00f6rde de i v\u00e4g mig fr\u00e5n butiken redan vid fyra. Det gjorde att jag faktiskt hade lite dagsjustid till mitt f\u00f6rf\u00f6gande. Jag traskade rakt \u00f6ver Mariatorget f\u00f6r att s\u00e4ga hej till Maria p\u00e5 <a target=\"_blank\" href=\"http:\/\/www.mariasgarn.se\" >Marias Garn.<\/a> D\u00e5 slog det mig att\u00a0det\u00a0\u00e4r <a target=\"_blank\" href=\"http:\/\/www.mariasgarn.se\/Vantvernissage_2008.htm\" >vantutst\u00e4llning<\/a> d\u00e4r.<\/p>\n<p><img decoding=\"async\" loading=\"lazy\" border=\"1\" align=\"middle\" width=\"375\" src=\"http:\/\/farm4.static.flickr.com\/3112\/2297028322_a8e5c67951.jpg\" alt=\"Vantutst\u00e4llning p\u00e5 Marias Garn\" height=\"500\" \/><\/p>\n<p>Fyrh\u00e4ndigt &#8211; en vantutst\u00e4llning av <a target=\"_blank\" href=\"http:\/\/www.borntoknit.typepad.com\/\" >Johanne L\u00e4ndin<\/a> och hennes mamma Barbro Ager om ett v\u00e5ra mest anv\u00e4nda stickade plagg. Snyggt. Jag gillar id\u00e9n med att \u00e4ven i butiker som inte \u00e4r rena sl\u00f6jdbutiker anv\u00e4nda skylten som utst\u00e4llningsyta &#8211; att f\u00e5 hyra in sig lite. T\u00e4nk om man kunde f\u00e5 visa sitt examensarbete s\u00e5h\u00e4r? Eller i den lokala j\u00e4rnaff\u00e4ren? Lite roligt i \u00e4r det. Jag vet att det finns en teatergrupp h\u00e4r i H\u00f6gdalen som spelar dockteater i ett skyltf\u00f6nster i H\u00f6kar\u00e4ngen med j\u00e4mna mellanrum. P\u00e5 n\u00e5got s\u00e4tt f\u00e5r s\u00e5dana saker mitt hj\u00e4rta att sl\u00e5 fortare.<\/p>\n<p><img decoding=\"async\" loading=\"lazy\" border=\"1\" width=\"375\" src=\"http:\/\/farm4.static.flickr.com\/3198\/2296232635_c45530a880.jpg\" height=\"500\" \/><\/p>\n<p>Utm\u00e4rkt skylt f\u00f6rresten. Inget snack. Vantar dit\u00e5t.<\/p>\n<p>Annars \u00e4r det v\u00e4l inte mer \u00e4n r\u00e4tt att jag skickar p\u00e5 er lite l\u00e4nkar till bloggar &#8211; f\u00f6retr\u00e4delsevis med sticktema &#8211; som jag g\u00e4rna bes\u00f6ker, ofta dagligen. En del har inte alls direkt med sl\u00f6jd att g\u00f6ra, utan \u00e4r bara livsviktiga och inspirerande \u00e4nd\u00e5.<\/p>\n<p><a target=\"_blank\" href=\"http:\/\/entill.typepad.com\/\" >En till stickblogg: <\/a>H\u00e4r stickas det intrikata spetsm\u00f6nster och flerf\u00e4rgsskapelser med mera.<\/p>\n<p><a target=\"_blank\" href=\"http:\/\/sticky.typepad.com\/\" >Stickigt<\/a>: Galet m\u00e5nga f\u00e4rger i fair isle-dr\u00f6mmar, bokrecensioner med mera.<\/p>\n<p><a target=\"_blank\" href=\"http:\/\/www.theanticraft.com\/\" >The Anticraft<\/a>: Ja, se sj\u00e4lva.<\/p>\n<p><a target=\"_blank\" href=\"http:\/\/www.stickkontakt.blogspot.com\/\" >Stickkontakt<\/a>: Graffitistickare<\/p>\n<p><a target=\"_blank\" href=\"http:\/\/camillaengman.blogspot.com\/\" >Camilla Engman<\/a>: Illustrat\u00f6r och virkerska extraordinaire! Alltid otroligt snyggt.<\/p>\n<p><a target=\"_blank\" href=\"http:\/\/www.helloyarn.com\/wp\/\" >Hello Yarn:<\/a> Kamrat i USA med blogg och en n\u00e4tbutik.<\/p>\n<p><a target=\"_blank\" href=\"http:\/\/blog.sweetgeorgiayarns.com\/\" >Sweet Georgia:<\/a> Hon har fattat n\u00e5got.<\/p>\n<p>Det finns s\u00e5klart fler. Massor. Men vet ni vad jag undrar? Var \u00e4r den h\u00e5rda sl\u00f6jden? Var finns t\u00e4lj, borr och hyvelbloggarna med allt krympt, tampat, laggat och svept?\u00a0 Jag saknar dem. H\u00e4r \u00e4r en h\u00e4rligt hybrid jag g\u00e4rna bes\u00f6ker &#8211; <a target=\"_blank\" href=\"http:\/\/skapande.blogsome.com\/\" >Skapande<\/a>. Buss p\u00e5. Ge mig g\u00e4rna tips. Jag kanske har missat n\u00e5got? Annars har ni ett par timmars syssels\u00e4ttning i l\u00e4nkarna ovan.<\/p>\n<p>Nu \u00e4r det dags att st\u00e4nga igen datorn.<br \/>\nLugn och fin, symaskin.<\/p>\n","protected":false},"excerpt":{"rendered":"<p>Dagarna g\u00e5r, som man brukar s\u00e4ga. F\u00f6rst praktiken. I g\u00e5r var jag i Afroarts\u00a0andra butik, den ligger en halvt kvarter ovanf\u00f6r Svensk Sl\u00f6jd p\u00e5 Nybrogatan\u00a0[fina gatan]. Det onekligen v\u00e4ldigt sp\u00e4nnande att byta milj\u00f6 s\u00e5; f\u00f6r det \u00e4r bara att inse att det \u00e4r en j\u00e4kla skillnad p\u00e5 folk och folk. Jag gillar omv\u00e4xlingen. Jag gillar [&hellip;]<\/p>\n","protected":false},"author":52,"featured_media":0,"comment_status":"open","ping_status":"closed","sticky":false,"template":"","format":"standard","meta":[],"categories":[21],"tags":[],"_links":{"self":[{"href":"https:\/\/kravallslojd.se\/wordpress\/index.php?rest_route=\/wp\/v2\/posts\/489"}],"collection":[{"href":"https:\/\/kravallslojd.se\/wordpress\/index.php?rest_route=\/wp\/v2\/posts"}],"about":[{"href":"https:\/\/kravallslojd.se\/wordpress\/index.php?rest_route=\/wp\/v2\/types\/post"}],"author":[{"embeddable":true,"href":"https:\/\/kravallslojd.se\/wordpress\/index.php?rest_route=\/wp\/v2\/users\/52"}],"replies":[{"embeddable":true,"href":"https:\/\/kravallslojd.se\/wordpress\/index.php?rest_route=%2Fwp%2Fv2%2Fcomments&post=489"}],"version-history":[{"count":0,"href":"https:\/\/kravallslojd.se\/wordpress\/index.php?rest_route=\/wp\/v2\/posts\/489\/revisions"}],"wp:attachment":[{"href":"https:\/\/kravallslojd.se\/wordpress\/index.php?rest_route=%2Fwp%2Fv2%2Fmedia&parent=489"}],"wp:term":[{"taxonomy":"category","embeddable":true,"href":"https:\/\/kravallslojd.se\/wordpress\/index.php?rest_route=%2Fwp%2Fv2%2Fcategories&post=489"},{"taxonomy":"post_tag","embeddable":true,"href":"https:\/\/kravallslojd.se\/wordpress\/index.php?rest_route=%2Fwp%2Fv2%2Ftags&post=489"}],"curies":[{"name":"wp","href":"https:\/\/api.w.org\/{rel}","templated":true}]}}