{"id":490,"date":"2008-02-29T23:26:25","date_gmt":"2008-02-29T21:26:25","guid":{"rendered":"http:\/\/kravallslojd.se\/bloggen\/?p=541"},"modified":"2008-02-29T23:26:25","modified_gmt":"2008-02-29T21:26:25","slug":"fredag-2","status":"publish","type":"post","link":"https:\/\/kravallslojd.se\/wordpress\/?p=490","title":{"rendered":"Fredag"},"content":{"rendered":"<p>Det \u00e4r n\u00e5got otroligt f\u00f6rl\u00f6sande \u00f6ver fredagar. M\u00e5nga kunder var alldeles fredagsflamsiga och kom g\u00e4rna i &#8221;vi ska snart g\u00e5 p\u00e5 bio&#8221; eller &#8221;dags f\u00f6r fredagsfika&#8221;-flockar. Sj\u00e4lv tyckte jag att dagen rasade i v\u00e4g. Precis som hela veckan har gjort. Mina f\u00f6tter protesterar n\u00e5got och h\u00e4vdar \u00e5 det best\u00e4mdaste att betonggolv inte \u00e4r deras bag [b\u00e4:g]. Jag har h\u00f6rt det nu, f\u00f6rs\u00f6ker jag p\u00e5peka.<\/p>\n<p>Dagens hantverksm\u00e4ssiga insatser:<br \/>\n*olja in salladsbestick i valn\u00f6t fr\u00e5n Kenya (f\u00f6r 135 kr setet, tro mig jag vet &#8211; jag har prism\u00e4rkt ca 30 set i dag)<br \/>\n* texta diverse f\u00f6r hand<br \/>\n* arrangerat produkter i olika formationer till angen\u00e4m styrka och smak<\/p>\n<p>Det f\u00f6rv\u00e5nar mig lite grann att jag faktiskt trivdes s\u00e5h\u00e4r bra med att st\u00e5 i butik. Inte f\u00f6r att jag inte visste att det var en mycket trevlig butik, utan f\u00f6r att jag inte visste att det kunde vara s\u00e5 givande. (Varning; nu kan det komma en klich\u00e9 eller tv\u00e5) Jag upplevde att man verkligen m\u00f6tte\u00a0folk, delvis p\u00e5 samma s\u00e4tt som jag upplever att jag kan m\u00f6ta sl\u00f6jdare &#8211; eller andra personer som (enligt mig) har Fattat N\u00e5got n\u00e4r det g\u00e4ller teknik, material &#8211; samspelet dem emellan eller n\u00e5got annat livsviktigt. Sedan \u00e4r det himla kul att se folk som blir f\u00f6r\u00e4lskade. N\u00e5gon som kommer in, som bara ska titta\u00a0 &#8211; och som pl\u00f6tsligt bara kalasfaller f\u00f6r en handv\u00e4vd handduk. Man skulle kunna s\u00e4ga att det inte \u00e4r mer speciellt \u00e4n att k\u00f6pa en liter mj\u00f6lk &#8211; kanske det. Eller att det \u00e4r n\u00e5got vi i v\u00e4st kan unna oss, att bli f\u00f6r\u00e4lskade i SAKER &#8211; m\u00e5 va h\u00e4nt. Men det \u00e4r inte min po\u00e4ng. Min po\u00e4ng \u00e4r dels att detta f\u00f6rem\u00e5l f\u00f6r k\u00e4rleken v\u00e4ldigt s\u00e4llan \u00e4r det dyraste eller p\u00e5 n\u00e5got annat s\u00e4tt en statusmark\u00f6r och dels att det oftast, allra oftast har med K\u00e4nslan att g\u00f6ra. Ni vet K\u00e4nslan.<\/p>\n<p>\u00c4r det inte den man ofta \u00e5terkommer till n\u00e4r det handlar om Sl\u00f6jd? \u00c5tminstone upplevelsen av det sl\u00f6jdade f\u00f6rem\u00e5let. Efter\u00e5t allts\u00e5, n\u00e4r anv\u00e4ndandet tar vid efter tillverkandet. \u00c4r det d\u00e5 inte k\u00e4nslan av att dricka ur en hand(\/hem)t\u00e4ljd k\u00e5sa &#8211; att ha ett par hand(\/hem)stickade vantar p\u00e5 sig &#8211; att vila under en hand(\/hem)v\u00e4vd pl\u00e4d eller t\u00e4nda hand(\/hem)st\u00f6pta ljus i en hand(\/hem)smidd ljusstake. Det \u00e4r allts\u00e5 n\u00e4r tycke och k\u00e4nsla uppst\u00e5r jag blir extra n\u00f6jd. (J\u00f6sses, jag kanske bara \u00e4r serviceminded?)<\/p>\n<p>Men v\u00e4nta nu. S\u00e5g ni vad som h\u00e4nde i f\u00f6rra stycket? Hem eller Hand? \u00c4r det bara jag som sl\u00e4nger mig med dessa termer? Vad s\u00e4ger ni? \u00c4r de utbytbara? I somligas spr\u00e5kbruk tror jag det. Men man kan leka lite med det: &#8221;\u00c4r den handsnickrad?&#8221; eller &#8221;\u00c4r den hemsnickrad?&#8221; &#8211; den som fr\u00e5gar vill nog vet om jag har gjort den sj\u00e4lv. T\u00e4nkte p\u00e5 det tidigare i veckan. Det var ju inte helt nyligen som det &#8221;hemlagade&#8221; moset i korvkiosken &#8211; eller korvmojen som det stundtals heter i Stockholm &#8211; ifr\u00e5gasattes. M\u00f6jligen med precis samma problematik som runt begreppet hemsl\u00f6jd. Eller inte alls. F\u00f6r nog tusan sl\u00f6jdas det i mitt hem. M\u00e5nga hem jag k\u00e4nner till, \u00e5tskildliga fler \u00e4n genomsnittet bergis, men \u00e4nd\u00e5. Jag undrar mycket \u00f6ver det d\u00e4r ordet. Hem, hem och hand. Hemgjort och Handgjort. R\u00e4tt trevliga ord. Hemsl\u00f6jd och Handsl\u00f6jd. Handsl\u00f6jdsr\u00f6relsen, det var v\u00e4l ett nytt ord i alla fall. Undrar just vilka de \u00e4r.<\/p>\n<p>Aprop\u00e5 saker jag har t\u00e4nkt mycket p\u00e5, s\u00e5 var det en sak en f\u00f6rel\u00e4sare vi hade f\u00f6rra veckan sa, eller i alla fall antydde. Hemsl\u00f6jdens eventuella splittring mellan Pedagogik och Produkt. Smaka p\u00e5 det. L\u00e4ra (sig eller ut) eller G\u00f6ra. Detta kanske var glasklart och sj\u00e4lvklart f\u00f6r er, men jag \u00e4r inte riktigt klar med den tanken. \u00c4r det inte m\u00f6jligt att g\u00f6ra b\u00e5da? Utesluter det ena det andra? Ja, allts\u00e5 det kan ju vara sv\u00e5rt att vara rationellt produktiv och samtidigt undervisa en samling nyb\u00f6rjare, men hur var det nu? Var det inte s\u00e5 att det var den d\u00e4r kompetenta och erfarna sl\u00f6jden vi ville l\u00e4ra oss av? Sl\u00f6jden som vittnar om stor kunskap om tradition, material och teknik? Och \u00e4r inte d\u00e5 sl\u00f6jdaren av just precis denna sl\u00f6jd m\u00f6jligtvis den b\u00e4sta att visa prov p\u00e5 detta?<\/p>\n<p>Visserligen \u00e4r det ett k\u00e4nt faktum att alla m\u00e4nniskor som \u00e4r bra p\u00e5 n\u00e5got inte \u00e4r pedagoger. Exempel p\u00e5 detta? Se Nobelfesten i december. Men f\u00f6rh\u00e5llandevis m\u00e5nga \u00e4r \u00e4nd\u00e5 det. Exempel p\u00e5 detta? Se Nobelfesten i december. Och varf\u00f6r det? Jo. Det skall jag tala om &#8211; som Astrid Lindgren skriver nu och d\u00e5. Det \u00e4r f\u00f6r att den d\u00e4r personen som \u00e4r s\u00e5d\u00e4r rysligt bra p\u00e5 det den kan ofta \u00e4r himla f\u00f6rtjust i det. Och det smittar.\u00a0<\/p>\n<p>Har inte riktigt t\u00e4nkt klart den tanken, men den b\u00f6rjar d\u00e4r n\u00e5gonstans. Mitt i resonemanget ungef\u00e4r har jag kommit fram till ordet inspirat\u00f6r inte \u00e4r s\u00e5 otokigt. Jag beh\u00f6ver inte f\u00e5 eksem av det l\u00e4ngre. \u00a0<\/p>\n<p>Nu skall jag \u00e4gna mig \u00e5t ett glas whisky och i morgon skall jag \u00e4gna mig \u00e5t <a target=\"_blank\" href=\"http:\/\/www.syfestivalen.se\/\" >det h\u00e4r<\/a>, <a target=\"_blank\" href=\"http:\/\/www.sticka.org\/\" >det h\u00e4r<\/a> och <a target=\"_blank\" href=\"http:\/\/www.stadsmuseum.stockholm.se\/museet.php?artikel=101&amp;sprak=svenska\" >det h\u00e4r.<\/a><\/p>\n<p>Tjillevippen.<\/p>\n","protected":false},"excerpt":{"rendered":"<p>Det \u00e4r n\u00e5got otroligt f\u00f6rl\u00f6sande \u00f6ver fredagar. M\u00e5nga kunder var alldeles fredagsflamsiga och kom g\u00e4rna i &#8221;vi ska snart g\u00e5 p\u00e5 bio&#8221; eller &#8221;dags f\u00f6r fredagsfika&#8221;-flockar. Sj\u00e4lv tyckte jag att dagen rasade i v\u00e4g. Precis som hela veckan har gjort. Mina f\u00f6tter protesterar n\u00e5got och h\u00e4vdar \u00e5 det best\u00e4mdaste att betonggolv inte \u00e4r deras bag [&hellip;]<\/p>\n","protected":false},"author":52,"featured_media":0,"comment_status":"open","ping_status":"closed","sticky":false,"template":"","format":"standard","meta":[],"categories":[21],"tags":[],"_links":{"self":[{"href":"https:\/\/kravallslojd.se\/wordpress\/index.php?rest_route=\/wp\/v2\/posts\/490"}],"collection":[{"href":"https:\/\/kravallslojd.se\/wordpress\/index.php?rest_route=\/wp\/v2\/posts"}],"about":[{"href":"https:\/\/kravallslojd.se\/wordpress\/index.php?rest_route=\/wp\/v2\/types\/post"}],"author":[{"embeddable":true,"href":"https:\/\/kravallslojd.se\/wordpress\/index.php?rest_route=\/wp\/v2\/users\/52"}],"replies":[{"embeddable":true,"href":"https:\/\/kravallslojd.se\/wordpress\/index.php?rest_route=%2Fwp%2Fv2%2Fcomments&post=490"}],"version-history":[{"count":0,"href":"https:\/\/kravallslojd.se\/wordpress\/index.php?rest_route=\/wp\/v2\/posts\/490\/revisions"}],"wp:attachment":[{"href":"https:\/\/kravallslojd.se\/wordpress\/index.php?rest_route=%2Fwp%2Fv2%2Fmedia&parent=490"}],"wp:term":[{"taxonomy":"category","embeddable":true,"href":"https:\/\/kravallslojd.se\/wordpress\/index.php?rest_route=%2Fwp%2Fv2%2Fcategories&post=490"},{"taxonomy":"post_tag","embeddable":true,"href":"https:\/\/kravallslojd.se\/wordpress\/index.php?rest_route=%2Fwp%2Fv2%2Ftags&post=490"}],"curies":[{"name":"wp","href":"https:\/\/api.w.org\/{rel}","templated":true}]}}