{"id":491,"date":"2008-03-03T08:08:44","date_gmt":"2008-03-03T06:08:44","guid":{"rendered":"http:\/\/kravallslojd.se\/bloggen\/?p=542"},"modified":"2008-03-03T08:08:44","modified_gmt":"2008-03-03T06:08:44","slug":"sondag","status":"publish","type":"post","link":"https:\/\/kravallslojd.se\/wordpress\/?p=491","title":{"rendered":"S\u00f6ndag"},"content":{"rendered":"<p>D\u00e5 var bloggveckan till \u00e4nda! En sorglig sorti, eftersom att jag \u00e4r d\u00e4ckad i n\u00e5gon slags (tropisk?) halsinfektion. Troligtvis inte alls tropisk. Troligtvis importerad fr\u00e5n dagis. Men \u00e4nd\u00e5.<\/p>\n<p>G\u00e5rdagens storartade plan fick kortas ned kraftigt med tanke p\u00e5 den minst- sagt sorgliga dagsformen. Det blev syfestival (http:\/\/www.syfestival.se) och \u00e5rsm\u00f6te med Sticka (http:\/\/www.sticka.org\/)  helt enkelt. N\u00e4r m\u00f6tet tog l\u00e4ngre tid \u00e4n vad min tidsplan erbj\u00f6d gick Stadsmuseets &#8217;Stickut&#8217; helt enkelt bort. Tr\u00e5kigt f\u00f6r mig. Var ni d\u00e4r?<\/p>\n<p>Det var n\u00e5gra saker som slog mig n\u00e4r jag gick runt p\u00e5 m\u00e4ssan i g\u00e5r. Dels att det var r\u00e4tt mycket folk, av antalet bussar utanf\u00f6r p\u00e5 parkeringen att d\u00f6ma var m\u00e5nga ditresta. Antalet deltagare p\u00e5 en dylik m\u00e4ssa m\u00e5ste v\u00e4l \u00e4nd\u00e5 kunna r\u00e4knas som n\u00e5gon slags intresseindikator f\u00f6r omr\u00e5det? Och vilket \u00e4r d\u00e5 omr\u00e5det kan man undra. N\u00e5got slags lite odefinierbart mjukt kanske.  Hur viktigt \u00e4r det egentligen med definitioner? Ganska s\u00e5 skulle jag nog s\u00e4ga. Sj\u00e4lvklart beror det p\u00e5 vem man \u00e4r och hur osv. om det \u00e4r intressant-  men jag m\u00e5ste nog tycka det, med tanke p\u00e5 inslagen yrkesbana.<\/p>\n<p>Jag m\u00e5ste nog vara n\u00e5got s\u00e5 n\u00e4r p\u00e5 det klara i mig sj\u00e4lv vad jag har f\u00f6r definitioner p\u00e5 saker och om jag har n\u00e5gra principer i fr\u00e5gan &#8211; hur de i s\u00e5dana fall ser ut? Jag t\u00e4nker dels p\u00e5 relativt v\u00e4lpratade fr\u00e5gor som vad sl\u00f6jd \u00e4r, lite av det jag tidigare n\u00e4mnt &#8211; hemsl\u00f6jdsr\u00f6relsen och Hemsl\u00f6jdr\u00f6relsen; vet den ena handen vad den andra g\u00f6r och borde det inte vara ett PAR vantar, om vi skall forts\u00e4tta med handmetaforen. Hur kommer det sig till exempel att det finns fler och fler &#8217;intresseorganisationer&#8217; inom sl\u00f6jdomr\u00e5det &#8211; vissa nyare \u00e4n andra. Jag t\u00e4nker p\u00e5 stick-, v\u00e4v-, och spinnf\u00f6reningar exempelvis.<\/p>\n<p>H\u00e4r vill jag till\u00e4gga att detta handlar helt om min egen f\u00f6rf\u00f6rst\u00e5else &#8211; det \u00e4r m\u00f6jligt att det ser liknande ut inom andra teknikomr\u00e5den, men for ordningens skull skriver jag om det jag k\u00e4nner till.<\/p>\n<p>Sj\u00e4lv \u00e4r jag medlem i en av varje s a s. Samt en hemsl\u00f6jdsf\u00f6rening. N\u00e4r man i n\u00e5gon av dessa f\u00f6rsta tre f\u00f6reningar talar om hemsl\u00f6jd eller hemsl\u00f6jden f\u00e5r man h\u00f6gst varierade reaktioner. Merparten av dessa relaterar \u00f6verhuvudtaget inte till det de g\u00f6r som sl\u00f6jd. Och om de inte g\u00f6r det, eller ser behovet att g\u00f6ra det &#8211; s\u00e5 kanske det inte \u00e4r relevant. M\u00e5nga reflekterar inte \u00f6ver att det de g\u00f6r i sin specifika f\u00f6rening skulle(borde?) kunna ing\u00e5 i en hemsl\u00f6jdsf\u00f6renings verksamhet.  N\u00e5gonstans s\u00e5 undrar jag om det inte borde g\u00f6ra det. Dels rent egoistiskt privatekonomiskt f\u00f6r mig. Jag \u00e4r helt medveten om att ingen tvingar mig till n\u00e5gra medlemsskap &#8211; men kom igen, man vill ju l\u00e4ra sig liksom.<\/p>\n<p>En enkel kalkyl. 300kr + 200kr +150kr per \u00e5r, ger&#8230; 650 kr i \u00e5rsavgifter. Och d\u00e5 hade det kunnat vara mer om spinnargillet   var en regelr\u00e4tt f\u00f6rening och tog ut en avgift, men s\u00e5 l\u00e5ngt har vi inte kommit \u00e4nnu. Vi n\u00e4rmare eftertanke ser detta ut som ett girigt klagom\u00e5l, men det handlar faktiskt inte prim\u00e4rt om pengar \u00e4ven och slantarna \u00e5tminstone g\u00e5r att r\u00e4kna.<\/p>\n<p>Framf\u00f6rallt t\u00e4nker jag att dessa f\u00f6reningar skulle kunna existera i n\u00e4stan samma form fast under ett hemsl\u00f6jd\/sl\u00f6jdparaply. Detta av flera orsaker;<\/p>\n<p>Effektivitet: Fler m\u00e4nniskor med liknande intressen skulle m\u00f6tas och dra nytta av varandras kunskaper. Med en delvis gemensam ekonomi och adminsitration; eller \u00e5tminstone en gemensam struktur f\u00f6r medlemmar, ekonomi, information och \u00f6vrig administration samt lokaler exempelvis borde mycket flyta p\u00e5 p\u00e5 ett helt annat s\u00e4tt. Jag tror ocks\u00e5 att man skulle kunna vara tydligare.<\/p>\n<p>P\u00e5verkan: Med mulesing-debatten (som jag f\u00f6r\u00f6vrigt verkligen efterlyser bland garn\/ullkonsumenterna i hemsl\u00f6jdens in och utkanter) rasande tror jag att man skulle kunna g\u00f6ra sig tydlig \u00e4ven h\u00e4r. Finns det en v\u00e4rdegrund? St\u00e5r man\/vi\/jag\/ni f\u00f6r den? Och i s\u00e5dana fall: vilket blir resultatet?  Det sl\u00e5r mig att det kanske \u00e4r d\u00e4r det brister. Det blir ideologiskt, och d\u00e4rmed skr\u00e4mmande. T\u00e4nk om man H\u00f6gt och Tydligt m\u00e5ste uttala vad man tillsammans st\u00e5r f\u00f6r och st\u00e5 f\u00f6r det? Jag kan ha helt fel. R\u00e4tta mig g\u00e4rna d\u00e5.  Annars tror jag att det \u00e4r en styrka att vara lite kompromissl\u00f6s; l\u00e4s nu inte snobbig utan kompromissl\u00f6s. Snobberi hinner jag inte ens behandla i det h\u00e4r inl\u00e4gget. :-) Och HUR st\u00e5r vi i s\u00e5dana fall f\u00f6r sl\u00f6jdens v\u00e4rden? Ska det vara ekologiskt? N\u00e4rproducerat? Svenskt? Vad \u00e4r sl\u00f6jdens kvaliteter? \u00c4r det det n\u00e4ra som \u00e4r det centrala &#8211; handen och anden liksom, eller \u00e4r det uttrycket och k\u00e4nslan. Kanske g\u00e5r det inte ens att dela upp det p\u00e5 det viset.<\/p>\n<p>Sedan tror jag att det finns en annan sida av den h\u00e4r fr\u00e5gan; lokalt \u00e4r det troligtvis s\u00e5 att dessa grupper\/f\u00f6reningar ofta samarbetar kring olika aktiviteter &#8211; men jag leker g\u00e4rna med tanken p\u00e5 att det f\u00f6reningsorganiserade sl\u00f6jdandet skulle kunna samorganiseras i viss m\u00e5n. Det &#8217;fria&#8217; kalla det enskilda, privata eller vilda sl\u00f6jdandet kommer f\u00f6rhoppningsvis alltid att vara just det. Kanske m\u00e5ste man problematisera det ytterligare, kanske m\u00e5ste det ocks\u00e5 in en intresseorganisation f\u00f6r de yrkesaktiva sl\u00f6jdarna under detta paraply &#8211; finnes det ett s\u00e5dant \u00f6nskem\u00e5l.<\/p>\n<p>N\u00e5got mer som slog mig under g\u00e5rdagens konsumtionskalas var att det var m\u00e5nga, fler \u00e4n vanligt, som lagt till &#8217;svensk&#8217; i sin ullskyltning. Troligtvis \u00e4ven det kopplat till mulesing-debatten. Men \u00e4nd\u00e5 var det f\u00f6rh\u00e5llandevis tyst om sj\u00e4lva merinofr\u00e5gan, vilket k\u00e4ndes m\u00e4rkligt med tanke antalet bes\u00f6kare och m\u00f6jlighet att n\u00e5 ut..<\/p>\n<p>S\u00e5g ni kv\u00e4llens Kalla Fakta http:\/\/www.tv4.se\/kallafakta ? G\u00f6r det annars.<\/p>\n<p>Jag \u00e4r helt medveten om att den stora debatten rasade kring 2003, men det \u00e4r ju faktiskt f\u00f6rst nu den \u00f6verhuvudtaget stor-diskuteras i Sverige. Och tas p\u00e5 allvar. Jag ser fram emot listor \u00f6ver mulesing- s\u00e4kra garner &#8211; jag vill absolut anv\u00e4nda min kraft som konsument h\u00e4r.<\/p>\n<p>Helt personligt &#8211; och ganska pr\u00e4ktigt: Om jag sitter och pratar om hur tjusigt det \u00e4r med n\u00e4rproducerade produkter, h\u00e5llbar utveckling och hur sl\u00f6jdens v\u00e4rden st\u00e4mmer in p\u00e5 allt detta och d\u00e4rf\u00f6r \u00e4r mycket modern &#8211; vilket jag g\u00e4rna g\u00f6r, skall till\u00e4ggas. K\u00e4nns det som att jag faktiskt inte har n\u00e5got val. Inte om jag skall vara trov\u00e4rdig som kunnig inom mitt omr\u00e5de, engagerad eller passionerad. Om sl\u00f6jd i m\u00e5ngt och mycket \u00e4r en livsstil, ett f\u00f6rh\u00e5llningss\u00e4tt till sin omv\u00e4rld och sin plats i den &#8211; l\u00e5t oss s\u00e4ga det &#8211; d\u00e5 har jag ocks\u00e5 ett ansvar. Ett ansvar att vara en &#8217;j\u00e4vla idealist&#8217; och st\u00e4lla raka och kompetenta fr\u00e5gor, ha p\u00e5 f\u00f6tterna och st\u00e4lla krav.<\/p>\n<p>Jag har sv\u00e5rt att se n\u00e5gra andra s\u00e4tt att agera; till syvende och sist kr\u00e4ver mitt sl\u00f6jdande en hel del material. Det materialet \u00e4r f\u00f6ruts\u00e4ttningen f\u00f6r min slutprodukts eventuella kvalitet, om vi nu bortser fr\u00e5n min egen arbetsprocess som jag f\u00f6rhoppningsvis har mycket god insyn i.<\/p>\n<p>Mer om detta f\u00e5r nog inte rum h\u00e4r &#8211; jag \u00e4r helt medveten om att det finns fler nyanser i fr\u00e5gan &#8211; fr\u00e5gorna; men \u00e4r det n\u00e5gon som ser min po\u00e4ng? En person p\u00e5 min praktikplats undrade h\u00e4romdagen om &#8217;allt inte bara skulle l\u00f6sa sig om hemsl\u00f6jden bytte namn&#8217;. Vette katten. En limpa \u00e4r \u00e4nd\u00e5 en limpa, lika god eller inte vad den \u00e4n heter &#8211; eller? Borde vi kanske ta en branding-kurs? Jag raljerar inte, det \u00e4r verkligen en fr\u00e5ga. Samtidigt har ju hemsl\u00f6jdsr\u00f6relsen n\u00e5got m\u00e5nga (alla?) i dag efterstr\u00e4var: ett inarbetat varum\u00e4rke. Fr\u00e5gan \u00e4r d\u00e5 \u00e5terigen vad det st\u00e5r f\u00f6r. Vad vill vi att det skall st\u00e5 f\u00f6r? Vi, h\u00e4r p\u00e5 kravallslojd.se, vi h\u00e4r p\u00e5 HV eller S\u00e4tergl\u00e4ntan, vi h\u00e4r i tv-soffan, vi h\u00e4r vid hyvelb\u00e4nken eller  vi inom hemsl\u00f6jdsr\u00f6relsen?<\/p>\n<p>Det var v\u00e4l det.  En serie \u00f6gonblicksord spridda \u00f6ver en vecka.<br \/>\nTack f\u00f6r ordet.<\/p>\n","protected":false},"excerpt":{"rendered":"<p>D\u00e5 var bloggveckan till \u00e4nda! En sorglig sorti, eftersom att jag \u00e4r d\u00e4ckad i n\u00e5gon slags (tropisk?) halsinfektion. Troligtvis inte alls tropisk. Troligtvis importerad fr\u00e5n dagis. Men \u00e4nd\u00e5. G\u00e5rdagens storartade plan fick kortas ned kraftigt med tanke p\u00e5 den minst- sagt sorgliga dagsformen. Det blev syfestival (http:\/\/www.syfestival.se) och \u00e5rsm\u00f6te med Sticka (http:\/\/www.sticka.org\/) helt enkelt. N\u00e4r [&hellip;]<\/p>\n","protected":false},"author":52,"featured_media":0,"comment_status":"open","ping_status":"closed","sticky":false,"template":"","format":"standard","meta":[],"categories":[21],"tags":[],"_links":{"self":[{"href":"https:\/\/kravallslojd.se\/wordpress\/index.php?rest_route=\/wp\/v2\/posts\/491"}],"collection":[{"href":"https:\/\/kravallslojd.se\/wordpress\/index.php?rest_route=\/wp\/v2\/posts"}],"about":[{"href":"https:\/\/kravallslojd.se\/wordpress\/index.php?rest_route=\/wp\/v2\/types\/post"}],"author":[{"embeddable":true,"href":"https:\/\/kravallslojd.se\/wordpress\/index.php?rest_route=\/wp\/v2\/users\/52"}],"replies":[{"embeddable":true,"href":"https:\/\/kravallslojd.se\/wordpress\/index.php?rest_route=%2Fwp%2Fv2%2Fcomments&post=491"}],"version-history":[{"count":0,"href":"https:\/\/kravallslojd.se\/wordpress\/index.php?rest_route=\/wp\/v2\/posts\/491\/revisions"}],"wp:attachment":[{"href":"https:\/\/kravallslojd.se\/wordpress\/index.php?rest_route=%2Fwp%2Fv2%2Fmedia&parent=491"}],"wp:term":[{"taxonomy":"category","embeddable":true,"href":"https:\/\/kravallslojd.se\/wordpress\/index.php?rest_route=%2Fwp%2Fv2%2Fcategories&post=491"},{"taxonomy":"post_tag","embeddable":true,"href":"https:\/\/kravallslojd.se\/wordpress\/index.php?rest_route=%2Fwp%2Fv2%2Ftags&post=491"}],"curies":[{"name":"wp","href":"https:\/\/api.w.org\/{rel}","templated":true}]}}