{"id":492,"date":"2008-03-04T00:17:39","date_gmt":"2008-03-03T22:17:39","guid":{"rendered":"http:\/\/kravallslojd.se\/bloggen\/?p=543"},"modified":"2008-03-04T00:17:39","modified_gmt":"2008-03-03T22:17:39","slug":"premiar","status":"publish","type":"post","link":"https:\/\/kravallslojd.se\/wordpress\/?p=492","title":{"rendered":"Premi\u00e4r"},"content":{"rendered":"<table border=\"0\" width=\"100%\" cellPadding=\"0\" cellSpacing=\"0\">\n<tr>\n<td height=\"250\" width=\"100%\" vAlign=\"top\">Sen premi\u00e4r f\u00f6r mig h\u00e4r. Ovanan vid bloggpositionen tror jag f\u00f6rdr\u00f6jde engagemanget en smula, men nu \u00e4r jag h\u00e4r. Och vill f\u00f6rst och fr\u00e4mst bara manifestera min n\u00e4rvaro; mina erfarenheter av bloggv\u00e4rlden \u00e4r passiva det vill s\u00e4ga jag l\u00e4ser en och annan (som tidskriften Arkitektur, som Ewa Kumlins, som Viggo Cavlings och Claes Brittons, men inte m\u00e5nga fler; jo senast Anina Rabe, som gjorde mig sj\u00e4lvklart ordentligt nedst\u00e4md n\u00e4r hon kapade Form, som jag \u00e4r chefredakt\u00f6r f\u00f6r, j\u00e4ms med fotkn\u00f6larna) och har kanske ett visst n\u00f6je av det, men exakt var och hur och n\u00e4r en blogg b\u00e4st f\u00f6rsvarar sin plats, vet jag sj\u00e4lvklart inte. Ser den (just nu, i premi\u00e4rljuset) som ett slags L\u00c4CKAGE, en tankestr\u00f6m av (f\u00f6rhoppningsvis) uppriktigt tankegods, v\u00e4rt att dela med andra. S\u00e5 ser min entr\u00e9 p\u00e5 Kravallsj\u00f6jd ut. Gillar f\u00f6rresten sajtnamnet, f\u00e5r mig att associera (lite on\u00f6digt?) till Bo Widrbergs underbara dokument\u00e4rfilm fr\u00e5n B\u00e5stadskravallerna 1968 d\u00e5 Sverige skulle m\u00f6ta Sydafrika i Davis Cup-tennis men p\u00e5l\u00e4sta studenter (som anl\u00e4nt till B\u00e5stad i bussar fr\u00e5n Lund) ville annat. Nog nu. Imorgon (om jag \u00e4r v\u00e4n med knapparna) ska jag leverera min f\u00f6rsta uppfattning om designklimatet i Sverige.<\/td>\n<\/tr>\n<\/table>\n","protected":false},"excerpt":{"rendered":"<p>Sen premi\u00e4r f\u00f6r mig h\u00e4r. Ovanan vid bloggpositionen tror jag f\u00f6rdr\u00f6jde engagemanget en smula, men nu \u00e4r jag h\u00e4r. Och vill f\u00f6rst och fr\u00e4mst bara manifestera min n\u00e4rvaro; mina erfarenheter av bloggv\u00e4rlden \u00e4r passiva det vill s\u00e4ga jag l\u00e4ser en och annan (som tidskriften Arkitektur, som Ewa Kumlins, som Viggo Cavlings och Claes Brittons, men [&hellip;]<\/p>\n","protected":false},"author":53,"featured_media":0,"comment_status":"open","ping_status":"closed","sticky":false,"template":"","format":"standard","meta":[],"categories":[84],"tags":[],"_links":{"self":[{"href":"https:\/\/kravallslojd.se\/wordpress\/index.php?rest_route=\/wp\/v2\/posts\/492"}],"collection":[{"href":"https:\/\/kravallslojd.se\/wordpress\/index.php?rest_route=\/wp\/v2\/posts"}],"about":[{"href":"https:\/\/kravallslojd.se\/wordpress\/index.php?rest_route=\/wp\/v2\/types\/post"}],"author":[{"embeddable":true,"href":"https:\/\/kravallslojd.se\/wordpress\/index.php?rest_route=\/wp\/v2\/users\/53"}],"replies":[{"embeddable":true,"href":"https:\/\/kravallslojd.se\/wordpress\/index.php?rest_route=%2Fwp%2Fv2%2Fcomments&post=492"}],"version-history":[{"count":0,"href":"https:\/\/kravallslojd.se\/wordpress\/index.php?rest_route=\/wp\/v2\/posts\/492\/revisions"}],"wp:attachment":[{"href":"https:\/\/kravallslojd.se\/wordpress\/index.php?rest_route=%2Fwp%2Fv2%2Fmedia&parent=492"}],"wp:term":[{"taxonomy":"category","embeddable":true,"href":"https:\/\/kravallslojd.se\/wordpress\/index.php?rest_route=%2Fwp%2Fv2%2Fcategories&post=492"},{"taxonomy":"post_tag","embeddable":true,"href":"https:\/\/kravallslojd.se\/wordpress\/index.php?rest_route=%2Fwp%2Fv2%2Ftags&post=492"}],"curies":[{"name":"wp","href":"https:\/\/api.w.org\/{rel}","templated":true}]}}