{"id":493,"date":"2008-03-10T15:09:38","date_gmt":"2008-03-10T13:09:38","guid":{"rendered":"http:\/\/kravallslojd.se\/bloggen\/?p=544"},"modified":"2008-03-10T15:09:38","modified_gmt":"2008-03-10T13:09:38","slug":"kaleidoutstallningen","status":"publish","type":"post","link":"https:\/\/kravallslojd.se\/wordpress\/?p=493","title":{"rendered":"Kaleidoutst\u00e4llningen"},"content":{"rendered":"<p>Hej alla Kravallsl\u00f6jdare!<\/p>\n<p>Jag f\u00e5r tacka f\u00f6r att jag blev tillfr\u00e5gad att vara bloggare denna veckan p\u00e5 Kravallsl\u00f6jd, det k\u00e4nns roligt och det \u00e4r f\u00f6rsta g\u00e5ngen i livet som jag bloggar!<\/p>\n<p>\u00a0I L\u00f6rdags \u00f6ppnade min stipendieutst\u00e4llning p\u00e5 Kaleido i Uppsala, ett lyckat vernissage med god st\u00e4mning. Jag visar ett verk som heter: Veck, stygn och fiberoptiskt ljus och best\u00e5r av sex plaggskulpturer som h\u00e4nger fr\u00e5n taket. Jag har utg\u00e5tt fr\u00e5n de tv\u00e5 hatverksm\u00e4ssiga teknikerna: Plissering och smock, n\u00e4r jag har format de textila materialen s\u00e5 att de p\u00e5 best\u00e4mda s\u00e4tt f\u00f6rh\u00e5ller sig till kroppen. Inledande i galleri rummet visar jag tolv fotografier av ljussatt textilt arbete.<\/p>\n<p><font size=\"3\" face=\"Helvetica\">Sedan 2002 delar Kaleido varje \u00e5r ut ett stipendium f\u00f6r att bana v\u00e4g f\u00f6r det nya inom konsthantverket och f\u00f6r att ge det nya konsthantverket en god start och en plats att visa sig.\u00a0Ber\u00e4ttigade att s\u00f6ka \u00e4r alla som \u00e4r under utbildning p\u00e5 en eftergymnasial konst-\/konsthantverks-\/design-skola eller som utexaminerades fr\u00e5n en s\u00e5dan f\u00f6r h\u00f6gst tre \u00e5r sedan.<\/font><\/p>\n<p><strong><font size=\"3\" face=\"Helvetica\">Juryn har best\u00e5tt av\u00a0tv\u00e5 representanter fr\u00e5n Kaleido samt\u00a0<strong>M\u00e4rit Ehn<\/strong>, f d chef f\u00f6r Konstmuseet i Visby och konsthantverksskribent i tidskiften Form.<\/font><\/strong><\/p>\n<p><font size=\"3\" face=\"Helvetica\"><strong><em>Juryns motivering\u00a0var f\u00f6ljande:<\/em><\/strong><\/font><\/p>\n<p><font size=\"+0\"><em>Lisa Tagesson tilldelas Kaleidos stipendium f\u00f6r sitt konsekventa och medvetna arbete d\u00e4r hon skulpterar med textil och ljus. Hon har utg\u00e5tt fr\u00e5n traditionella textila tekniker som smock och plissering och tagit ett rej\u00e4lt kliv vidare genom att f\u00f6ra in fiberoptik som f\u00f6rst\u00e4rker formerna i de textila skulpturerna. Med humor och experimentlusta anv\u00e4nder sig\u00a0Lisa Tagesson av sina breda kunskaper inom folkdr\u00e4kt, sl\u00f6jd, mode och scenkostym. Man anar en framtida scenografisk f\u00f6rm\u00e5ga.<\/em><\/font><\/p>\n<p><font size=\"4\" face=\"Helvetica\"><strong>G\u00e5 g\u00e4rna in och se utst\u00e4llningen p\u00e5: Kaleido konsthantverk<\/strong><\/font><\/p>\n<p><font size=\"2\" face=\"Helvetica\"><strong>Godsmagasinet \u00b7 Uppsala <\/strong><\/font><font size=\"2\" color=\"#177dff\" face=\"Helvetica\"><a target=\"_blank\" href=\"http:\/\/www.kaleido.nu\/\" ><font color=\"#002fff\"><strong>http:\/\/www.kaleido.nu<\/strong><\/font><\/a><\/font><\/p>\n<p><strong><font face=\"Helvetica\">Idag fyller jag \u00e5r s\u00e5 nu ska jag iv\u00e4g och handla godsaker s\u00e5 jag kan bjuda mina v\u00e4nner p\u00e5 fika.<\/font><\/strong><\/p>\n<p><strong><font face=\"Helvetica\">Skriv g\u00e4rna till mig! <\/font><\/strong><\/p>\n<p><strong><font face=\"Helvetica\">Vi h\u00f6rs \/Lisa Tagesson<\/font><\/strong><\/p>\n","protected":false},"excerpt":{"rendered":"<p>Hej alla Kravallsl\u00f6jdare! Jag f\u00e5r tacka f\u00f6r att jag blev tillfr\u00e5gad att vara bloggare denna veckan p\u00e5 Kravallsl\u00f6jd, det k\u00e4nns roligt och det \u00e4r f\u00f6rsta g\u00e5ngen i livet som jag bloggar! \u00a0I L\u00f6rdags \u00f6ppnade min stipendieutst\u00e4llning p\u00e5 Kaleido i Uppsala, ett lyckat vernissage med god st\u00e4mning. Jag visar ett verk som heter: Veck, stygn och [&hellip;]<\/p>\n","protected":false},"author":8,"featured_media":0,"comment_status":"open","ping_status":"closed","sticky":false,"template":"","format":"standard","meta":[],"categories":[60],"tags":[],"_links":{"self":[{"href":"https:\/\/kravallslojd.se\/wordpress\/index.php?rest_route=\/wp\/v2\/posts\/493"}],"collection":[{"href":"https:\/\/kravallslojd.se\/wordpress\/index.php?rest_route=\/wp\/v2\/posts"}],"about":[{"href":"https:\/\/kravallslojd.se\/wordpress\/index.php?rest_route=\/wp\/v2\/types\/post"}],"author":[{"embeddable":true,"href":"https:\/\/kravallslojd.se\/wordpress\/index.php?rest_route=\/wp\/v2\/users\/8"}],"replies":[{"embeddable":true,"href":"https:\/\/kravallslojd.se\/wordpress\/index.php?rest_route=%2Fwp%2Fv2%2Fcomments&post=493"}],"version-history":[{"count":0,"href":"https:\/\/kravallslojd.se\/wordpress\/index.php?rest_route=\/wp\/v2\/posts\/493\/revisions"}],"wp:attachment":[{"href":"https:\/\/kravallslojd.se\/wordpress\/index.php?rest_route=%2Fwp%2Fv2%2Fmedia&parent=493"}],"wp:term":[{"taxonomy":"category","embeddable":true,"href":"https:\/\/kravallslojd.se\/wordpress\/index.php?rest_route=%2Fwp%2Fv2%2Fcategories&post=493"},{"taxonomy":"post_tag","embeddable":true,"href":"https:\/\/kravallslojd.se\/wordpress\/index.php?rest_route=%2Fwp%2Fv2%2Ftags&post=493"}],"curies":[{"name":"wp","href":"https:\/\/api.w.org\/{rel}","templated":true}]}}