{"id":494,"date":"2008-03-11T19:54:44","date_gmt":"2008-03-11T17:54:44","guid":{"rendered":"http:\/\/kravallslojd.se\/bloggen\/?p=545"},"modified":"2008-03-11T19:54:44","modified_gmt":"2008-03-11T17:54:44","slug":"545","status":"publish","type":"post","link":"https:\/\/kravallslojd.se\/wordpress\/?p=494","title":{"rendered":""},"content":{"rendered":"<p>Hej igen och tack s\u00e5 mycket. Jag hade en mysig f\u00f6delsedag med mina v\u00e4nner, kaffe, n\u00f6tter, glass och frukt.<\/p>\n<p>Nu n\u00e4r jag bor i Malm\u00f6 den h\u00e4r v\u00e5rterminen praktiserar jag tre m\u00e5nader p\u00e5 Malm\u00f6 Operans kostymavdelning. Jag har f\u00e5tt en egen plats med industrimasin och arbetar fr\u00e4mst med olika skr\u00e4dderiuppgifter. Jag f\u00e5r vara med och tillverka kostym till flera olika produktioner. Det \u00e4r intressant och givande att bli tilldelad uppgifter att l\u00f6sa och jag f\u00e5r sy moment som jag inte tidgare har gjort.<\/p>\n<p>Idag fick jag se f\u00f6rsta delen av La Sonnambula (S\u00f6mng\u00e5ngerskan) en opera av Bellini regiserad av Marianne M\u00f6rk, som vi precis har tillverkat f\u00e4rdigt kostymen till. Jag har ocks\u00e5 varit med och arbetat med: Salome och Flygande trumman och sedan sett f\u00f6rest\u00e4llningarna p\u00e5 operan.<\/p>\n<p>Salome \u00e4r en parafras p\u00e5 den bibliska ber\u00e4ttelsen om kung Herodes och hans styvdotter.<\/p>\n<p>Flygande trumman som blivit smittad av en rullbacill och rullar genom Allemansland.Barn medverkar genom att sjunga med och tillverka scenografi inf\u00f6r bes\u00f6ket.<\/p>\n<p>Det har varit flera f\u00f6rest\u00e4llningar p\u00e5g\u00e5ng hela tiden och de \u00f6verlappar varandra i tiden, s\u00e5 det \u00e4r varierande att arbeta med.<\/p>\n<p>\u00a0Nu ska jag \u00e4ta linssoppa med keso och skriva en h\u00e4lsning till min masterklass som finns p\u00e5 HDK Steneby i Dals L\u00e5nged.<\/p>\n<p>Hejd\u00e5! \/Lisa<\/p>\n","protected":false},"excerpt":{"rendered":"<p>Hej igen och tack s\u00e5 mycket. Jag hade en mysig f\u00f6delsedag med mina v\u00e4nner, kaffe, n\u00f6tter, glass och frukt. Nu n\u00e4r jag bor i Malm\u00f6 den h\u00e4r v\u00e5rterminen praktiserar jag tre m\u00e5nader p\u00e5 Malm\u00f6 Operans kostymavdelning. Jag har f\u00e5tt en egen plats med industrimasin och arbetar fr\u00e4mst med olika skr\u00e4dderiuppgifter. Jag f\u00e5r vara med och [&hellip;]<\/p>\n","protected":false},"author":8,"featured_media":0,"comment_status":"open","ping_status":"closed","sticky":false,"template":"","format":"standard","meta":[],"categories":[60],"tags":[],"_links":{"self":[{"href":"https:\/\/kravallslojd.se\/wordpress\/index.php?rest_route=\/wp\/v2\/posts\/494"}],"collection":[{"href":"https:\/\/kravallslojd.se\/wordpress\/index.php?rest_route=\/wp\/v2\/posts"}],"about":[{"href":"https:\/\/kravallslojd.se\/wordpress\/index.php?rest_route=\/wp\/v2\/types\/post"}],"author":[{"embeddable":true,"href":"https:\/\/kravallslojd.se\/wordpress\/index.php?rest_route=\/wp\/v2\/users\/8"}],"replies":[{"embeddable":true,"href":"https:\/\/kravallslojd.se\/wordpress\/index.php?rest_route=%2Fwp%2Fv2%2Fcomments&post=494"}],"version-history":[{"count":0,"href":"https:\/\/kravallslojd.se\/wordpress\/index.php?rest_route=\/wp\/v2\/posts\/494\/revisions"}],"wp:attachment":[{"href":"https:\/\/kravallslojd.se\/wordpress\/index.php?rest_route=%2Fwp%2Fv2%2Fmedia&parent=494"}],"wp:term":[{"taxonomy":"category","embeddable":true,"href":"https:\/\/kravallslojd.se\/wordpress\/index.php?rest_route=%2Fwp%2Fv2%2Fcategories&post=494"},{"taxonomy":"post_tag","embeddable":true,"href":"https:\/\/kravallslojd.se\/wordpress\/index.php?rest_route=%2Fwp%2Fv2%2Ftags&post=494"}],"curies":[{"name":"wp","href":"https:\/\/api.w.org\/{rel}","templated":true}]}}