{"id":495,"date":"2008-03-14T21:42:39","date_gmt":"2008-03-14T19:42:39","guid":{"rendered":"http:\/\/kravallslojd.se\/bloggen\/?p=547"},"modified":"2008-03-14T21:42:39","modified_gmt":"2008-03-14T19:42:39","slug":"fredag-3","status":"publish","type":"post","link":"https:\/\/kravallslojd.se\/wordpress\/?p=495","title":{"rendered":"Fredag"},"content":{"rendered":"<p>Hej!<\/p>\n<p>Det \u00e4r en regning fredag i Malm\u00f6 och jag hoppas att det blir solsken och mer v\u00e5r i luften imorgon. Jag har \u00e4gnat tid hemma, l\u00e4ser om Fair trade, Rena kl\u00e4der och IM:s (Individuell M\u00e4nniskohj\u00e4lp) arbete med att ta fram Fair Tradeprodukter tillsammans med Leprasjuka i norra Indien. Det k\u00e4nns viktigt att f\u00f6ra samman milj\u00f6 och r\u00e4ttvisefr\u00e5gor med det egna hantverksm\u00e4ssiga arbetet och veta varifr\u00e5n materialen kommer. Jag l\u00e4ser f\u00f6r att till\u00e4gna mig mer kunskap i \u00e4mnet och vill g\u00e4rna \u00e5ka p\u00e5 en l\u00e4ngre resa f\u00f6r att f\u00e5 mer kunskap och kunna hj\u00e4lpa till p\u00e5 plats och sedan \u00a0dela med mig till andra.<\/p>\n<p>\u00a0Jag \u00e4r med i K-merkt konst och har f\u00e5tt den unika m\u00f6jligheten att st\u00e4lla i flera olika konsthallar. Till n\u00e4sta \u00e5r kommer nya konstn\u00e4rer att v\u00e4ljas ut, s\u00e5 h\u00e5ll \u00f6gonen \u00f6ppna.<\/p>\n<p><strong>K-merkt KONST \u00e4r en vandringsutst\u00e4llning, en fortbildning, en \u00f6verlevnadshandbok och ett forum f\u00f6r unga konstn\u00e4rer. Sex konsthallar, sju m\u00e5nader, diskussioner, workshops, vernissager, intressanta m\u00f6ten och samtal. Allt i ett. Det \u00e4r K-merkt KONST.<\/strong><\/p>\n<p>10 konstn\u00e4rer, alla mellan 20 och 26 \u00e5r, h\u00e4lften kvinnor, h\u00e4lften m\u00e4n, h\u00e4lften studerandes p\u00e5 konst-, foto och hantverksh\u00f6gskolorna, h\u00e4lften inte. Alla har gemensamt att de valts ut att delta i K-merkt KONST, d\u00e4r de i sex av V\u00e4stra G\u00f6talands konsthallar f\u00e5r visa sin konst och f\u00e5r delta och ing\u00e5 i samtal om konsten och konstn\u00e4rens tillst\u00e5nd.<\/p>\n<p>Vi vill visa upp konst som \u00e4r representativ f\u00f6r regionens unga konstn\u00e4rer, konst som inte m\u00e5ste \u201dvara till f\u00f6r alla\u201d, den kan vara brokig, vild och vacker, sk\u00f6n och estetisk och s\u00e5n konst som ingen f\u00f6rst\u00e5r, som \u00e4r ful, som provocerar, uppr\u00f6r och skapar konflikt. Konst som ber\u00f6r p\u00e5 djupet och f\u00f6r oss fram\u00e5t. Konst som kommer fr\u00e5n allam\u00f6jliga h\u00e5ll.<\/p>\n<p>Allt ovan plus seminarier, diskussioner, studie- bes\u00f6k, handledning, n\u00f6dv\u00e4ndiga verktyg och det hela \u00e4r laddat till tusen med fr\u00e5gest\u00e4llningar som r\u00f6r den unga konstn\u00e4ren, konsten och samh\u00e4llet.<\/p>\n<p><em><em><font color=\"#000000\">F\u00f6r regin st\u00e5r projektledare Sara Habchi, uppbackad av KulturUngdom, i samarbete med Konstkonsulenten i V\u00e4stra G\u00f6talandsregionen och curator Yulia Usova. <\/font><\/em><\/em><\/p>\n<p>Ha det fint i helgen!<br \/>\nLisa Tagesson<\/p>\n","protected":false},"excerpt":{"rendered":"<p>Hej! Det \u00e4r en regning fredag i Malm\u00f6 och jag hoppas att det blir solsken och mer v\u00e5r i luften imorgon. Jag har \u00e4gnat tid hemma, l\u00e4ser om Fair trade, Rena kl\u00e4der och IM:s (Individuell M\u00e4nniskohj\u00e4lp) arbete med att ta fram Fair Tradeprodukter tillsammans med Leprasjuka i norra Indien. Det k\u00e4nns viktigt att f\u00f6ra samman [&hellip;]<\/p>\n","protected":false},"author":8,"featured_media":0,"comment_status":"open","ping_status":"closed","sticky":false,"template":"","format":"standard","meta":[],"categories":[60],"tags":[],"_links":{"self":[{"href":"https:\/\/kravallslojd.se\/wordpress\/index.php?rest_route=\/wp\/v2\/posts\/495"}],"collection":[{"href":"https:\/\/kravallslojd.se\/wordpress\/index.php?rest_route=\/wp\/v2\/posts"}],"about":[{"href":"https:\/\/kravallslojd.se\/wordpress\/index.php?rest_route=\/wp\/v2\/types\/post"}],"author":[{"embeddable":true,"href":"https:\/\/kravallslojd.se\/wordpress\/index.php?rest_route=\/wp\/v2\/users\/8"}],"replies":[{"embeddable":true,"href":"https:\/\/kravallslojd.se\/wordpress\/index.php?rest_route=%2Fwp%2Fv2%2Fcomments&post=495"}],"version-history":[{"count":0,"href":"https:\/\/kravallslojd.se\/wordpress\/index.php?rest_route=\/wp\/v2\/posts\/495\/revisions"}],"wp:attachment":[{"href":"https:\/\/kravallslojd.se\/wordpress\/index.php?rest_route=%2Fwp%2Fv2%2Fmedia&parent=495"}],"wp:term":[{"taxonomy":"category","embeddable":true,"href":"https:\/\/kravallslojd.se\/wordpress\/index.php?rest_route=%2Fwp%2Fv2%2Fcategories&post=495"},{"taxonomy":"post_tag","embeddable":true,"href":"https:\/\/kravallslojd.se\/wordpress\/index.php?rest_route=%2Fwp%2Fv2%2Ftags&post=495"}],"curies":[{"name":"wp","href":"https:\/\/api.w.org\/{rel}","templated":true}]}}