{"id":4963,"date":"2011-03-29T10:10:54","date_gmt":"2011-03-29T09:10:54","guid":{"rendered":"http:\/\/kravallslojd.se\/wordpress\/?p=4963"},"modified":"2011-03-29T10:10:54","modified_gmt":"2011-03-29T09:10:54","slug":"jag-klipper-mattrasor","status":"publish","type":"post","link":"https:\/\/kravallslojd.se\/wordpress\/?p=4963","title":{"rendered":"Jag klipper mattrasor"},"content":{"rendered":"<p>Jag klipper mattrasor. H\u00e4nderna arbetar mekaniskt och jag k\u00e4nner mig n\u00e4stan lite manisk. Helst tar jag reda p\u00e5 textilier som jag sj\u00e4lv eller mina n\u00e4ra har slitit ut. Men jag k\u00f6per ocks\u00e5 utslitna p\u00e5slakan och ratade gardiner p\u00e5 Myrorna och liknande st\u00e4llen. Textilierna klipper jag f\u00f6r hand i remsor, ca 2 cm breda, som sedan sys ihop och rullas till fina nystan.<\/p>\n<p><a href=\"http:\/\/kravallslojd.se\/wordpress\/wp-content\/uploads\/2011\/03\/matttrasor.jpg\" ><img decoding=\"async\" loading=\"lazy\" class=\"aligncenter size-medium wp-image-4964\" src=\"http:\/\/kravallslojd.se\/wordpress\/wp-content\/uploads\/2011\/03\/matttrasor-300x213.jpg\" alt=\"\" width=\"300\" height=\"213\" srcset=\"https:\/\/kravallslojd.se\/wordpress\/wp-content\/uploads\/2011\/03\/matttrasor-300x213.jpg 300w, https:\/\/kravallslojd.se\/wordpress\/wp-content\/uploads\/2011\/03\/matttrasor.jpg 1024w\" sizes=\"(max-width: 300px) 100vw, 300px\" \/><\/a><\/p>\n<p>\u00a0Trasorna v\u00e4vs f\u00f6rst\u00e5s till mattor.<\/p>\n<p><a href=\"http:\/\/kravallslojd.se\/wordpress\/wp-content\/uploads\/2011\/03\/Matta.jpg\" ><img decoding=\"async\" loading=\"lazy\" class=\"aligncenter size-medium wp-image-4967\" src=\"http:\/\/kravallslojd.se\/wordpress\/wp-content\/uploads\/2011\/03\/Matta-300x231.jpg\" alt=\"\" width=\"300\" height=\"231\" srcset=\"https:\/\/kravallslojd.se\/wordpress\/wp-content\/uploads\/2011\/03\/Matta-300x231.jpg 300w, https:\/\/kravallslojd.se\/wordpress\/wp-content\/uploads\/2011\/03\/Matta.jpg 622w\" sizes=\"(max-width: 300px) 100vw, 300px\" \/><\/a><\/p>\n<p>Jag sparar p\u00e5 en del rester ocks\u00e5. Knappar fr\u00e5n kl\u00e4der givetvis, men \u00e4ven p\u00e5 etiketter fr\u00e5n plaggen.<\/p>\n<p><a href=\"http:\/\/kravallslojd.se\/wordpress\/wp-content\/uploads\/2011\/03\/etiketter.jpg\" ><img decoding=\"async\" loading=\"lazy\" class=\"aligncenter size-medium wp-image-4968\" src=\"http:\/\/kravallslojd.se\/wordpress\/wp-content\/uploads\/2011\/03\/etiketter-300x221.jpg\" alt=\"\" width=\"300\" height=\"221\" srcset=\"https:\/\/kravallslojd.se\/wordpress\/wp-content\/uploads\/2011\/03\/etiketter-300x221.jpg 300w, https:\/\/kravallslojd.se\/wordpress\/wp-content\/uploads\/2011\/03\/etiketter.jpg 1024w\" sizes=\"(max-width: 300px) 100vw, 300px\" \/><\/a><\/p>\n<p>P\u00e5 anslagstavlan sitter skjortfickor som trof\u00e9er.<\/p>\n<p><a href=\"http:\/\/kravallslojd.se\/wordpress\/wp-content\/uploads\/2011\/03\/skjortfickor.jpg\" ><img decoding=\"async\" loading=\"lazy\" class=\"aligncenter size-medium wp-image-4978\" src=\"http:\/\/kravallslojd.se\/wordpress\/wp-content\/uploads\/2011\/03\/skjortfickor-220x300.jpg\" alt=\"\" width=\"220\" height=\"300\" srcset=\"https:\/\/kravallslojd.se\/wordpress\/wp-content\/uploads\/2011\/03\/skjortfickor-220x300.jpg 220w, https:\/\/kravallslojd.se\/wordpress\/wp-content\/uploads\/2011\/03\/skjortfickor-752x1024.jpg 752w, https:\/\/kravallslojd.se\/wordpress\/wp-content\/uploads\/2011\/03\/skjortfickor.jpg 753w\" sizes=\"(max-width: 220px) 100vw, 220px\" \/><\/a><\/p>\n<p><a href=\"http:\/\/kravallslojd.se\/wordpress\/wp-content\/uploads\/2011\/03\/skjortfickor.jpg\" ><\/a><\/p>\n<p><a href=\"http:\/\/kravallslojd.se\/wordpress\/wp-content\/uploads\/2011\/03\/skjortfickor.jpg\" ><\/a><\/p>\n<p><a href=\"http:\/\/kravallslojd.se\/wordpress\/wp-content\/uploads\/2011\/03\/skjortfickor.jpg\" ><\/a><\/p>\n<p>Vad ska jag ha allt till?<\/p>\n","protected":false},"excerpt":{"rendered":"<p>Jag klipper mattrasor. H\u00e4nderna arbetar mekaniskt och jag k\u00e4nner mig n\u00e4stan lite manisk. Helst tar jag reda p\u00e5 textilier som jag sj\u00e4lv eller mina n\u00e4ra har slitit ut. Men jag k\u00f6per ocks\u00e5 utslitna p\u00e5slakan och ratade gardiner p\u00e5 Myrorna och liknande st\u00e4llen. Textilierna klipper jag f\u00f6r hand i remsor, ca 2 cm breda, som sedan [&hellip;]<\/p>\n","protected":false},"author":155,"featured_media":0,"comment_status":"open","ping_status":"open","sticky":false,"template":"","format":"standard","meta":[],"categories":[551],"tags":[179],"_links":{"self":[{"href":"https:\/\/kravallslojd.se\/wordpress\/index.php?rest_route=\/wp\/v2\/posts\/4963"}],"collection":[{"href":"https:\/\/kravallslojd.se\/wordpress\/index.php?rest_route=\/wp\/v2\/posts"}],"about":[{"href":"https:\/\/kravallslojd.se\/wordpress\/index.php?rest_route=\/wp\/v2\/types\/post"}],"author":[{"embeddable":true,"href":"https:\/\/kravallslojd.se\/wordpress\/index.php?rest_route=\/wp\/v2\/users\/155"}],"replies":[{"embeddable":true,"href":"https:\/\/kravallslojd.se\/wordpress\/index.php?rest_route=%2Fwp%2Fv2%2Fcomments&post=4963"}],"version-history":[{"count":10,"href":"https:\/\/kravallslojd.se\/wordpress\/index.php?rest_route=\/wp\/v2\/posts\/4963\/revisions"}],"predecessor-version":[{"id":4981,"href":"https:\/\/kravallslojd.se\/wordpress\/index.php?rest_route=\/wp\/v2\/posts\/4963\/revisions\/4981"}],"wp:attachment":[{"href":"https:\/\/kravallslojd.se\/wordpress\/index.php?rest_route=%2Fwp%2Fv2%2Fmedia&parent=4963"}],"wp:term":[{"taxonomy":"category","embeddable":true,"href":"https:\/\/kravallslojd.se\/wordpress\/index.php?rest_route=%2Fwp%2Fv2%2Fcategories&post=4963"},{"taxonomy":"post_tag","embeddable":true,"href":"https:\/\/kravallslojd.se\/wordpress\/index.php?rest_route=%2Fwp%2Fv2%2Ftags&post=4963"}],"curies":[{"name":"wp","href":"https:\/\/api.w.org\/{rel}","templated":true}]}}