{"id":502,"date":"2008-03-26T11:49:01","date_gmt":"2008-03-26T09:49:01","guid":{"rendered":"http:\/\/kravallslojd.se\/bloggen\/?p=571"},"modified":"2008-03-26T11:49:01","modified_gmt":"2008-03-26T09:49:01","slug":"onsdag-pa-jobbet","status":"publish","type":"post","link":"https:\/\/kravallslojd.se\/wordpress\/?p=502","title":{"rendered":"Onsdag p\u00e5 jobbet"},"content":{"rendered":"<p>\u00c4r p\u00e5 jobbet, en studio h\u00e4r i stan som jag delar med 3 andra designers. F\u00f6r tillf\u00e4llet har jag dock hela st\u00e4llet f\u00f6r mig sj\u00e4lv. Ganska sk\u00f6nt ibland, att jobba ost\u00f6rt, dock \u00e4r det h\u00e4r, att sitta med andra ljus\u00e5r b\u00e4ttre \u00e4n att sitta f\u00f6r sig sj\u00e4lv hemma i l\u00e4genheten!<\/p>\n<p>Idag h\u00e5ller jag p\u00e5 att jobba med en lite kollektion lampor som ska st\u00e4llas ut till helgen p\u00e5 Tr\u00e4dg\u00e5rdsm\u00e4ssan h\u00e4r i \u00d6rebro. Temat \u00e4r gr\u00f6nt och jag har som vaniligt sn\u00f6at in p\u00e5 naturinspirationen, men som tur \u00e4r passar ju det yppertligt f\u00f6r just det h\u00e4r tillf\u00e4llet :D<\/p>\n<p>F\u00f6r \u00f6vrigt \u00e4r det en helt underbar vinterdag h\u00e4r, solen skiner, klarbl\u00e5 himmel och gnistrande sn\u00f6, det rycker onekligen i min snowboardn\u00e4rv&#8230;<\/p>\n<p><img decoding=\"async\" src=\"http:\/\/kravallslojd.se\/bloggen\/wp-content\/uploads\/2008\/03\/lykta1.jpg\" alt=\"Sm\u00e5 gr\u00f6na lyktor\" \/><\/p>\n<p>H\u00e4r \u00e4r en bild p\u00e5 lyktorna som \u00e4r en del i kollektionen.<\/p>\n<p><img decoding=\"async\" loading=\"lazy\" width=\"427\" src=\"http:\/\/kravallslojd.se\/bloggen\/wp-content\/uploads\/2008\/03\/studio1.jpg\" alt=\"Studion\" height=\"259\" style=\"width: 427px; height: 259px\" \/><\/p>\n<p>S\u00e5 h\u00e4r ser det ut d\u00e4r jag sitter och jobbar om dagarna.<\/p>\n","protected":false},"excerpt":{"rendered":"<p>\u00c4r p\u00e5 jobbet, en studio h\u00e4r i stan som jag delar med 3 andra designers. F\u00f6r tillf\u00e4llet har jag dock hela st\u00e4llet f\u00f6r mig sj\u00e4lv. Ganska sk\u00f6nt ibland, att jobba ost\u00f6rt, dock \u00e4r det h\u00e4r, att sitta med andra ljus\u00e5r b\u00e4ttre \u00e4n att sitta f\u00f6r sig sj\u00e4lv hemma i l\u00e4genheten! Idag h\u00e5ller jag p\u00e5 att [&hellip;]<\/p>\n","protected":false},"author":55,"featured_media":0,"comment_status":"open","ping_status":"closed","sticky":false,"template":"","format":"standard","meta":[],"categories":[46],"tags":[],"_links":{"self":[{"href":"https:\/\/kravallslojd.se\/wordpress\/index.php?rest_route=\/wp\/v2\/posts\/502"}],"collection":[{"href":"https:\/\/kravallslojd.se\/wordpress\/index.php?rest_route=\/wp\/v2\/posts"}],"about":[{"href":"https:\/\/kravallslojd.se\/wordpress\/index.php?rest_route=\/wp\/v2\/types\/post"}],"author":[{"embeddable":true,"href":"https:\/\/kravallslojd.se\/wordpress\/index.php?rest_route=\/wp\/v2\/users\/55"}],"replies":[{"embeddable":true,"href":"https:\/\/kravallslojd.se\/wordpress\/index.php?rest_route=%2Fwp%2Fv2%2Fcomments&post=502"}],"version-history":[{"count":0,"href":"https:\/\/kravallslojd.se\/wordpress\/index.php?rest_route=\/wp\/v2\/posts\/502\/revisions"}],"wp:attachment":[{"href":"https:\/\/kravallslojd.se\/wordpress\/index.php?rest_route=%2Fwp%2Fv2%2Fmedia&parent=502"}],"wp:term":[{"taxonomy":"category","embeddable":true,"href":"https:\/\/kravallslojd.se\/wordpress\/index.php?rest_route=%2Fwp%2Fv2%2Fcategories&post=502"},{"taxonomy":"post_tag","embeddable":true,"href":"https:\/\/kravallslojd.se\/wordpress\/index.php?rest_route=%2Fwp%2Fv2%2Ftags&post=502"}],"curies":[{"name":"wp","href":"https:\/\/api.w.org\/{rel}","templated":true}]}}