{"id":503,"date":"2008-03-30T21:11:56","date_gmt":"2008-03-30T19:11:56","guid":{"rendered":"http:\/\/kravallslojd.se\/bloggen\/?p=575"},"modified":"2008-03-30T21:11:56","modified_gmt":"2008-03-30T19:11:56","slug":"sista-dagen","status":"publish","type":"post","link":"https:\/\/kravallslojd.se\/wordpress\/?p=503","title":{"rendered":"Sista dagen&#8230;"},"content":{"rendered":"<p>Hej igen, okej jag har kanske inte varit den mest h\u00e4ngivna bloggaren&#8230;sorry. Det beror dock inte p\u00e5 brist p\u00e5 intresse, snarare brist p\u00e5 tid.<\/p>\n<p>Hur som helst det har varit en sp\u00e4ckad vecka med jobb, m\u00f6ten och faktiskt en hel del hantverkande, vilket \u00e4r mycket roligt. Jag har, som ni s\u00e5g p\u00e5 bilden tidigare, jobbat med mina lampor den h\u00e4r veckan och st\u00e4llde ut den p\u00e5 Tr\u00e4dg\u00e5rdsm\u00e4ssan h\u00e4r i \u00d6rebro i helgen. Roligt att f\u00e5 chansen att visa upp mina alster. Jag hade inte en hel monter f\u00f6r mig sj\u00e4lv, utan blev inbjuden att h\u00e4nga i ett annat f\u00f6retags monter. Det kanske kan vara ett tips f\u00f6r n\u00e5gon som vill exponera sina produkter med varken har r\u00e5d eller tid att st\u00e5 p\u00e5 m\u00e4ssan sj\u00e4lv. Jag kontaktade ett inredningsf\u00f6retag h\u00e4r i \u00d6rebro och h\u00f6rde mig f\u00f6r, inte sv\u00e5rare \u00e4n s\u00e5&#8230;<\/p>\n<p>&gt;&gt;&gt; Det skulle vara en bild h\u00e4r men programet fick spuck n\u00e4r jag skulle l\u00e4gga upp den. Om du \u00e4r intresserad av att se det f\u00e4rdiga resultatet av mina lampor kan du g\u00e5 in p\u00e5 www.kerstiliss.se och kolla via &#8221;nytt&#8221; p\u00e5 f\u00f6rstasidan.<\/p>\n<p>S\u00e5 n\u00e4sta vecka, i morgon, j\u00f6sses vad tiden g\u00e5r fort, blir det mer lobbying, hela m\u00e5ndagen \u00e4r m\u00f6tesdag inf\u00f6r fler vernissager och marknadsf\u00f6ring av lamporna. \u00c4r det n\u00e5gon som \u00e4r intresserad av en specialdesignad lampa f\u00f6resten s\u00e5 \u00e4r det bara att h\u00f6ra av sig&#8230;ni vet var min hemsida ligger.<\/p>\n<p>Ha det g\u00f6tt och sl\u00f6jda p\u00e5!<\/p>\n<p>\/\/Kersti<\/p>\n","protected":false},"excerpt":{"rendered":"<p>Hej igen, okej jag har kanske inte varit den mest h\u00e4ngivna bloggaren&#8230;sorry. Det beror dock inte p\u00e5 brist p\u00e5 intresse, snarare brist p\u00e5 tid. Hur som helst det har varit en sp\u00e4ckad vecka med jobb, m\u00f6ten och faktiskt en hel del hantverkande, vilket \u00e4r mycket roligt. Jag har, som ni s\u00e5g p\u00e5 bilden tidigare, jobbat [&hellip;]<\/p>\n","protected":false},"author":55,"featured_media":0,"comment_status":"open","ping_status":"closed","sticky":false,"template":"","format":"standard","meta":[],"categories":[46],"tags":[],"_links":{"self":[{"href":"https:\/\/kravallslojd.se\/wordpress\/index.php?rest_route=\/wp\/v2\/posts\/503"}],"collection":[{"href":"https:\/\/kravallslojd.se\/wordpress\/index.php?rest_route=\/wp\/v2\/posts"}],"about":[{"href":"https:\/\/kravallslojd.se\/wordpress\/index.php?rest_route=\/wp\/v2\/types\/post"}],"author":[{"embeddable":true,"href":"https:\/\/kravallslojd.se\/wordpress\/index.php?rest_route=\/wp\/v2\/users\/55"}],"replies":[{"embeddable":true,"href":"https:\/\/kravallslojd.se\/wordpress\/index.php?rest_route=%2Fwp%2Fv2%2Fcomments&post=503"}],"version-history":[{"count":0,"href":"https:\/\/kravallslojd.se\/wordpress\/index.php?rest_route=\/wp\/v2\/posts\/503\/revisions"}],"wp:attachment":[{"href":"https:\/\/kravallslojd.se\/wordpress\/index.php?rest_route=%2Fwp%2Fv2%2Fmedia&parent=503"}],"wp:term":[{"taxonomy":"category","embeddable":true,"href":"https:\/\/kravallslojd.se\/wordpress\/index.php?rest_route=%2Fwp%2Fv2%2Fcategories&post=503"},{"taxonomy":"post_tag","embeddable":true,"href":"https:\/\/kravallslojd.se\/wordpress\/index.php?rest_route=%2Fwp%2Fv2%2Ftags&post=503"}],"curies":[{"name":"wp","href":"https:\/\/api.w.org\/{rel}","templated":true}]}}