{"id":504,"date":"2008-03-31T09:21:56","date_gmt":"2008-03-31T07:21:56","guid":{"rendered":"http:\/\/kravallslojd.se\/bloggen\/?p=581"},"modified":"2008-03-31T09:21:56","modified_gmt":"2008-03-31T07:21:56","slug":"intro","status":"publish","type":"post","link":"https:\/\/kravallslojd.se\/wordpress\/?p=504","title":{"rendered":"Intro"},"content":{"rendered":"<p>Jag var runt 10 \u00e5r n\u00e4r jag efter flera timmars slit tillsammans med min bror lyckats snickra ihop ett par, i alla fall i v\u00e5ra \u00f6gon, helt funktionsdugliga bandym\u00e5l. De var byggda av upphittat br\u00e5te och gr\u00f6nt h\u00f6nsn\u00e4t. Jag lyckades g\u00f6ra m\u00e5nga fina m\u00e5l i dessa tr\u00e4burar och mycket gl\u00e4dje skapades n\u00e4r v\u00e5ra kompisar och vi tr\u00e4ffades f\u00f6r detta aktiva tidsf\u00f6rdriv.<\/p>\n<p>N\u00e4r jag en vecka senare tittade ut genom f\u00f6nstret s\u00e5g jag av en h\u00e4ndelse att min k\u00e4ra farfar kom g\u00e5endes med m\u00e5len i ena handen och en yxa i den andra. Han lade upp dem p\u00e5 en stubbe och b\u00f6rjade hugga s\u00f6nder dem. Jag blev s\u00e5 himla \u00f6verraskad. Sj\u00e4lvklart ocks\u00e5 ledsen men det var inte det som var den starkaste upplevelsen. Malte, som min farfar hette, hade trott att m\u00e5len var skr\u00e4p och d\u00e4rf\u00f6r gjort ved av dem.<\/p>\n<p>Det var f\u00f6rsta g\u00e5ngen, \u00e4ven fast det var omedvetet (han hade ingen aning om att det var jag och brorsan som byggt dem), n\u00e5gon kritiserade det jag hade gjort. Innan det kunde man komma hem med vad som helst fr\u00e5n tr\u00e4- och sysl\u00f6jden, alla sa att det var fint.<br \/>\nDen n\u00e5got brutala hanteringen av mina bandym\u00e5l fick mig att inse att det inte r\u00e4cker med att en sak \u00e4r funktionell. Den m\u00e5ste \u00e4ven se estetiskt tilltalande ut. Denna h\u00e4ndelse \u00f6ppnade \u00f6gonen f\u00f6r mig n\u00e4r det g\u00e4ller form och hantverksskicklighet.<\/p>\n<p>Detta \u00e4r n\u00e5got jag har utvecklat under min studietid p\u00e5 designprogrammet d\u00e4r jag nu g\u00e5r.<\/p>\n","protected":false},"excerpt":{"rendered":"<p>Jag var runt 10 \u00e5r n\u00e4r jag efter flera timmars slit tillsammans med min bror lyckats snickra ihop ett par, i alla fall i v\u00e5ra \u00f6gon, helt funktionsdugliga bandym\u00e5l. De var byggda av upphittat br\u00e5te och gr\u00f6nt h\u00f6nsn\u00e4t. Jag lyckades g\u00f6ra m\u00e5nga fina m\u00e5l i dessa tr\u00e4burar och mycket gl\u00e4dje skapades n\u00e4r v\u00e5ra kompisar och [&hellip;]<\/p>\n","protected":false},"author":56,"featured_media":0,"comment_status":"open","ping_status":"closed","sticky":false,"template":"","format":"standard","meta":[],"categories":[68],"tags":[],"_links":{"self":[{"href":"https:\/\/kravallslojd.se\/wordpress\/index.php?rest_route=\/wp\/v2\/posts\/504"}],"collection":[{"href":"https:\/\/kravallslojd.se\/wordpress\/index.php?rest_route=\/wp\/v2\/posts"}],"about":[{"href":"https:\/\/kravallslojd.se\/wordpress\/index.php?rest_route=\/wp\/v2\/types\/post"}],"author":[{"embeddable":true,"href":"https:\/\/kravallslojd.se\/wordpress\/index.php?rest_route=\/wp\/v2\/users\/56"}],"replies":[{"embeddable":true,"href":"https:\/\/kravallslojd.se\/wordpress\/index.php?rest_route=%2Fwp%2Fv2%2Fcomments&post=504"}],"version-history":[{"count":0,"href":"https:\/\/kravallslojd.se\/wordpress\/index.php?rest_route=\/wp\/v2\/posts\/504\/revisions"}],"wp:attachment":[{"href":"https:\/\/kravallslojd.se\/wordpress\/index.php?rest_route=%2Fwp%2Fv2%2Fmedia&parent=504"}],"wp:term":[{"taxonomy":"category","embeddable":true,"href":"https:\/\/kravallslojd.se\/wordpress\/index.php?rest_route=%2Fwp%2Fv2%2Fcategories&post=504"},{"taxonomy":"post_tag","embeddable":true,"href":"https:\/\/kravallslojd.se\/wordpress\/index.php?rest_route=%2Fwp%2Fv2%2Ftags&post=504"}],"curies":[{"name":"wp","href":"https:\/\/api.w.org\/{rel}","templated":true}]}}