{"id":505,"date":"2008-04-03T00:54:43","date_gmt":"2008-04-02T22:54:43","guid":{"rendered":"http:\/\/kravallslojd.se\/bloggen\/?p=583"},"modified":"2008-04-03T00:54:43","modified_gmt":"2008-04-02T22:54:43","slug":"fortsattning","status":"publish","type":"post","link":"https:\/\/kravallslojd.se\/wordpress\/?p=505","title":{"rendered":"Forts\u00e4ttning"},"content":{"rendered":"<p><a href=\"http:\/\/kravallslojd.se\/bloggen\/wp-content\/uploads\/2008\/04\/skola11.jpg\"  title=\"arbetsplats p\u00e5 skolan\"><img decoding=\"async\" loading=\"lazy\" src=\"http:\/\/kravallslojd.se\/bloggen\/wp-content\/uploads\/2008\/04\/skola11.jpg\" alt=\"arbetsplats p\u00e5 skolan\" height=\"321\" width=\"426\" \/><\/a><\/p>\n<p>Det \u00e4r m\u00e5h\u00e4nda ett stort steg att g\u00e5 ifr\u00e5n n\u00e5gra bandym\u00e5l gjorda vid tio \u00e5rs \u00e5lder till ar jag \u00e4r idag. Men det h\u00e4nde \u00e4nd\u00e5 inget intressant dessa \u00e5r s\u00e5 ni missar inget.<\/p>\n<p>Jag l\u00e4ser som sagt produktdesign och har f\u00f6rm\u00e5nen att sitta och jobba i en milj\u00f6 som inspirerar. Glasbl\u00e5sare av v\u00e4rldsklass, atelj\u00e9er med unga formgivare, illustrat\u00f6rer och keramiker, belysningsf\u00f6retaget Zero och arkivet f\u00f6r svensk formgivning ligger alla 100 m ifr\u00e5n min skola. Men det mest inspirerande f\u00f6r mig \u00e4r mina v\u00e4nner p\u00e5 skolan. Under h\u00f6stterminen f\u00e5r vi dessutom hit studenter fr\u00e5n hel v\u00e4rlden som l\u00e4ser glasterminen. Nedan kan ni se en sida p\u00e5 bilder fr\u00e5n en utst\u00e4llning f\u00f6r n\u00e5got \u00e5r sedan.<\/p>\n<p>http:\/\/www2.hik.se\/dokument\/humsam\/designweb\/2004\/glasterminbilder\/glastermin05set.htm<\/p>\n<p>Sj\u00e4lv har jag provat p\u00e5 att bl\u00e5sa glas under en vecka f\u00f6r att f\u00e5 lite hum om hur det g\u00e5r till. Andra hantverksm\u00e4ssiga grejor jag sysslat med \u00e4r att ha g\u00e5tt en keramikkurs med Ellen Ehk, www.ellenehk.se, och just nu h\u00e5ller jag p\u00e5 att sy en badkavaj inf\u00f6r den stundande sommaren.<\/p>\n<p>Annars \u00e4r det mest designarbete som tar upp min tid. D\u00e4r \u00e4r absolut mycket form och f\u00e4rgarbete inbakat men att hitta nya l\u00f6sningar p\u00e5 problem ist\u00e4llet f\u00f6r en karakteristisk form \u00e4r i m\u00e5nga fall intressantare f\u00f6r mig. Mer om det kan vi ta en annan g\u00e5ng.<br \/>\n(ledsen det har dr\u00f6jt med inl\u00e4gget. Har varit bortrest)<\/p>\n<p><a href=\"http:\/\/kravallslojd.se\/bloggen\/wp-content\/uploads\/2008\/04\/skolbyggnad11.jpg\"  title=\"skolbyggnad11.jpg\"><img decoding=\"async\" src=\"http:\/\/kravallslojd.se\/bloggen\/wp-content\/uploads\/2008\/04\/skolbyggnad11.jpg\" alt=\"skolbyggnad11.jpg\" \/><\/a><\/p>\n","protected":false},"excerpt":{"rendered":"<p>Det \u00e4r m\u00e5h\u00e4nda ett stort steg att g\u00e5 ifr\u00e5n n\u00e5gra bandym\u00e5l gjorda vid tio \u00e5rs \u00e5lder till ar jag \u00e4r idag. Men det h\u00e4nde \u00e4nd\u00e5 inget intressant dessa \u00e5r s\u00e5 ni missar inget. Jag l\u00e4ser som sagt produktdesign och har f\u00f6rm\u00e5nen att sitta och jobba i en milj\u00f6 som inspirerar. Glasbl\u00e5sare av v\u00e4rldsklass, atelj\u00e9er med [&hellip;]<\/p>\n","protected":false},"author":56,"featured_media":0,"comment_status":"open","ping_status":"closed","sticky":false,"template":"","format":"standard","meta":[],"categories":[68],"tags":[],"_links":{"self":[{"href":"https:\/\/kravallslojd.se\/wordpress\/index.php?rest_route=\/wp\/v2\/posts\/505"}],"collection":[{"href":"https:\/\/kravallslojd.se\/wordpress\/index.php?rest_route=\/wp\/v2\/posts"}],"about":[{"href":"https:\/\/kravallslojd.se\/wordpress\/index.php?rest_route=\/wp\/v2\/types\/post"}],"author":[{"embeddable":true,"href":"https:\/\/kravallslojd.se\/wordpress\/index.php?rest_route=\/wp\/v2\/users\/56"}],"replies":[{"embeddable":true,"href":"https:\/\/kravallslojd.se\/wordpress\/index.php?rest_route=%2Fwp%2Fv2%2Fcomments&post=505"}],"version-history":[{"count":0,"href":"https:\/\/kravallslojd.se\/wordpress\/index.php?rest_route=\/wp\/v2\/posts\/505\/revisions"}],"wp:attachment":[{"href":"https:\/\/kravallslojd.se\/wordpress\/index.php?rest_route=%2Fwp%2Fv2%2Fmedia&parent=505"}],"wp:term":[{"taxonomy":"category","embeddable":true,"href":"https:\/\/kravallslojd.se\/wordpress\/index.php?rest_route=%2Fwp%2Fv2%2Fcategories&post=505"},{"taxonomy":"post_tag","embeddable":true,"href":"https:\/\/kravallslojd.se\/wordpress\/index.php?rest_route=%2Fwp%2Fv2%2Ftags&post=505"}],"curies":[{"name":"wp","href":"https:\/\/api.w.org\/{rel}","templated":true}]}}