{"id":5055,"date":"2011-04-10T15:47:46","date_gmt":"2011-04-10T14:47:46","guid":{"rendered":"http:\/\/kravallslojd.se\/wordpress\/?p=5055"},"modified":"2011-04-10T15:47:46","modified_gmt":"2011-04-10T14:47:46","slug":"sticka-stort","status":"publish","type":"post","link":"https:\/\/kravallslojd.se\/wordpress\/?p=5055","title":{"rendered":"sticka stort"},"content":{"rendered":"<p>Intresset f\u00f6r brickv\u00e4vning verkar vara minst sagt obefintligt p\u00e5 den h\u00e4r bloggen, s\u00e5 jag spar den bildserien till min egen blogg ist\u00e4llet. Om ni vill f\u00e5r ni g\u00e4rna h\u00e4lsa p\u00e5 mig d\u00e4r: <a target=\"_blank\" href=\"http:\/\/nitsirkristin.blogspot.com\" >http:\/\/nitsirkristin.blogspot.com<\/a><\/p>\n<p>Ist\u00e4llet t\u00e4nkte jag bjuda p\u00e5 en bildserie i storstickning. Tekniken \u00e4r otroligt rolig f\u00f6r alla, b\u00e5de vana och ovana stickare. Jag har sj\u00e4lv t\u00e4nkt att anv\u00e4nda den i min kommande sl\u00f6jdundervisning, dels som introduktion till stickning men \u00e4ven som vidareutveckling och breddning f\u00f6r den som redan kan sticka r\u00e4ta och aviga. H\u00e4r s\u00e4tter endast fantasin gr\u00e4nser, och man kan storsticka precis allt det som man kan sticka p\u00e5 stickor. Materialet kan vara is\u00e4rklippta lakan, elkablar, sopp\u00e5sar, v\u00e4vtrasor, plastband m.m. F\u00f6rutom sj\u00e4lva #garnet&#8221; beh\u00f6vs det knappn\u00e5lar\/tejp och eventuellt n\u00e5got att sticka in. Man kan \u00e4ven testa tekniken p\u00e5 en provdocka f\u00f6r att skapa ett plagg.<\/p>\n<p><a href=\"http:\/\/kravallslojd.se\/wordpress\/wp-content\/uploads\/2011\/04\/DSC_0789_medium2.jpg\" ><img decoding=\"async\" loading=\"lazy\" class=\"aligncenter size-medium wp-image-5056\" src=\"http:\/\/kravallslojd.se\/wordpress\/wp-content\/uploads\/2011\/04\/DSC_0789_medium2-300x200.jpg\" alt=\"\" width=\"300\" height=\"200\" srcset=\"https:\/\/kravallslojd.se\/wordpress\/wp-content\/uploads\/2011\/04\/DSC_0789_medium2-300x200.jpg 300w, https:\/\/kravallslojd.se\/wordpress\/wp-content\/uploads\/2011\/04\/DSC_0789_medium2.jpg 640w\" sizes=\"(max-width: 300px) 100vw, 300px\" \/><\/a><\/p>\n<p>B\u00f6rja med att virka en luftmaskkedja. Jag valde att sticka in en puff. Jag har svarvat 4 ben som jag ytbehandlat med linolja och pigment, och sedan har jag skruvat fast dem p\u00e5 en laminerad sp\u00e5nskiva och f\u00e4st p\u00e5 n\u00e5gra lager skumgummi med hj\u00e4lp av en sydd kl\u00e4dsel i samma tyg som trasorna.<\/p>\n<p><a href=\"http:\/\/kravallslojd.se\/wordpress\/wp-content\/uploads\/2011\/04\/DSC_0796_medium2.jpg\" ><img decoding=\"async\" loading=\"lazy\" class=\"aligncenter size-medium wp-image-5057\" src=\"http:\/\/kravallslojd.se\/wordpress\/wp-content\/uploads\/2011\/04\/DSC_0796_medium2-300x200.jpg\" alt=\"\" width=\"300\" height=\"200\" srcset=\"https:\/\/kravallslojd.se\/wordpress\/wp-content\/uploads\/2011\/04\/DSC_0796_medium2-300x200.jpg 300w, https:\/\/kravallslojd.se\/wordpress\/wp-content\/uploads\/2011\/04\/DSC_0796_medium2.jpg 640w\" sizes=\"(max-width: 300px) 100vw, 300px\" \/><\/a><\/p>\n<p>Sedan plockas det upp en r\u00e4t maska i varje luftmaska (r\u00e4t maska, dra &#8221;garnet&#8221; ut ur maskan underifr\u00e5n och upp).<\/p>\n<p><a href=\"http:\/\/kravallslojd.se\/wordpress\/wp-content\/uploads\/2011\/04\/DSC_0804_medium2.jpg\" ><img decoding=\"async\" loading=\"lazy\" class=\"aligncenter size-medium wp-image-5059\" src=\"http:\/\/kravallslojd.se\/wordpress\/wp-content\/uploads\/2011\/04\/DSC_0804_medium2-300x200.jpg\" alt=\"\" width=\"300\" height=\"200\" srcset=\"https:\/\/kravallslojd.se\/wordpress\/wp-content\/uploads\/2011\/04\/DSC_0804_medium2-300x200.jpg 300w, https:\/\/kravallslojd.se\/wordpress\/wp-content\/uploads\/2011\/04\/DSC_0804_medium2.jpg 640w\" sizes=\"(max-width: 300px) 100vw, 300px\" \/><\/a><\/p>\n<p>Forts\u00e4tt varvet runt och dra igenom maskor, f\u00e4st dem med n\u00e5lar n\u00e4r du arbetar dig runt. Vill du g\u00f6ra en avig maska s\u00e5 drar du garnet genom maskan ovanifr\u00e5n och ner. Minskning g\u00f6rs genom att dra garnet genom tv\u00e5 maskor samtidigt och en \u00f6kning genom att sticka en r\u00e4t och en avig i samma maska.<\/p>\n<p><a href=\"http:\/\/kravallslojd.se\/wordpress\/wp-content\/uploads\/2011\/04\/DSC_0834_medium2.jpg\" ><img decoding=\"async\" loading=\"lazy\" class=\"aligncenter size-medium wp-image-5060\" src=\"http:\/\/kravallslojd.se\/wordpress\/wp-content\/uploads\/2011\/04\/DSC_0834_medium2-300x200.jpg\" alt=\"\" width=\"300\" height=\"200\" srcset=\"https:\/\/kravallslojd.se\/wordpress\/wp-content\/uploads\/2011\/04\/DSC_0834_medium2-300x200.jpg 300w, https:\/\/kravallslojd.se\/wordpress\/wp-content\/uploads\/2011\/04\/DSC_0834_medium2.jpg 640w\" sizes=\"(max-width: 300px) 100vw, 300px\" \/><\/a><\/p>\n<p>Mina trasor i lakansv\u00e4v rev jag 10-15 cm breda.<\/p>\n<p><a href=\"http:\/\/kravallslojd.se\/wordpress\/wp-content\/uploads\/2011\/04\/DSC_0840_medium2.jpg\" ><img decoding=\"async\" loading=\"lazy\" class=\"aligncenter size-medium wp-image-5061\" src=\"http:\/\/kravallslojd.se\/wordpress\/wp-content\/uploads\/2011\/04\/DSC_0840_medium2-300x200.jpg\" alt=\"\" width=\"300\" height=\"200\" srcset=\"https:\/\/kravallslojd.se\/wordpress\/wp-content\/uploads\/2011\/04\/DSC_0840_medium2-300x200.jpg 300w, https:\/\/kravallslojd.se\/wordpress\/wp-content\/uploads\/2011\/04\/DSC_0840_medium2.jpg 640w\" sizes=\"(max-width: 300px) 100vw, 300px\" \/><\/a><\/p>\n","protected":false},"excerpt":{"rendered":"<p>Intresset f\u00f6r brickv\u00e4vning verkar vara minst sagt obefintligt p\u00e5 den h\u00e4r bloggen, s\u00e5 jag spar den bildserien till min egen blogg ist\u00e4llet. Om ni vill f\u00e5r ni g\u00e4rna h\u00e4lsa p\u00e5 mig d\u00e4r: http:\/\/nitsirkristin.blogspot.com Ist\u00e4llet t\u00e4nkte jag bjuda p\u00e5 en bildserie i storstickning. Tekniken \u00e4r otroligt rolig f\u00f6r alla, b\u00e5de vana och ovana stickare. Jag har [&hellip;]<\/p>\n","protected":false},"author":156,"featured_media":0,"comment_status":"open","ping_status":"open","sticky":false,"template":"","format":"standard","meta":[],"categories":[556],"tags":[562,564],"_links":{"self":[{"href":"https:\/\/kravallslojd.se\/wordpress\/index.php?rest_route=\/wp\/v2\/posts\/5055"}],"collection":[{"href":"https:\/\/kravallslojd.se\/wordpress\/index.php?rest_route=\/wp\/v2\/posts"}],"about":[{"href":"https:\/\/kravallslojd.se\/wordpress\/index.php?rest_route=\/wp\/v2\/types\/post"}],"author":[{"embeddable":true,"href":"https:\/\/kravallslojd.se\/wordpress\/index.php?rest_route=\/wp\/v2\/users\/156"}],"replies":[{"embeddable":true,"href":"https:\/\/kravallslojd.se\/wordpress\/index.php?rest_route=%2Fwp%2Fv2%2Fcomments&post=5055"}],"version-history":[{"count":3,"href":"https:\/\/kravallslojd.se\/wordpress\/index.php?rest_route=\/wp\/v2\/posts\/5055\/revisions"}],"predecessor-version":[{"id":5063,"href":"https:\/\/kravallslojd.se\/wordpress\/index.php?rest_route=\/wp\/v2\/posts\/5055\/revisions\/5063"}],"wp:attachment":[{"href":"https:\/\/kravallslojd.se\/wordpress\/index.php?rest_route=%2Fwp%2Fv2%2Fmedia&parent=5055"}],"wp:term":[{"taxonomy":"category","embeddable":true,"href":"https:\/\/kravallslojd.se\/wordpress\/index.php?rest_route=%2Fwp%2Fv2%2Fcategories&post=5055"},{"taxonomy":"post_tag","embeddable":true,"href":"https:\/\/kravallslojd.se\/wordpress\/index.php?rest_route=%2Fwp%2Fv2%2Ftags&post=5055"}],"curies":[{"name":"wp","href":"https:\/\/api.w.org\/{rel}","templated":true}]}}