{"id":515,"date":"2008-04-11T18:07:41","date_gmt":"2008-04-11T16:07:41","guid":{"rendered":"http:\/\/kravallslojd.se\/bloggen\/?p=604"},"modified":"2008-04-11T18:07:41","modified_gmt":"2008-04-11T16:07:41","slug":"fredags-altande","status":"publish","type":"post","link":"https:\/\/kravallslojd.se\/wordpress\/?p=515","title":{"rendered":"Fredags\u00e4ltande"},"content":{"rendered":"<p>\u00c4ntligen fredag. Nu e veckan slut, eller nja, n\u00e4stan, jag har tyv\u00e4rr fortfarande ganska m\u00e5nga timmar kvar\u00a0p\u00e5 mig att g\u00f6ra dumheter&#8230;.<\/p>\n<p>\u00a0Har haft ett \u00e4ltande dygn. Jag har bl a \u00e4ltat att min kollektion suger. Den e ful, gr\u00e5 o ful. O det har g\u00e5tt s\u00e5 snabbt att sy den att jag knappt kan minnas att jag gjort det o det g\u00f6r mig r\u00e4dd att den e d\u00e5ligt sydd o att jag ska f\u00e5 skit f\u00f6r den av v\u00e5ra l\u00e4rare s\u00e5 idag har jag \u00e4gnat en timme \u00e5t att syna varenda s\u00f6m&#8230;. Har iofs inte hittat n\u00e5t fel men mina \u00f6gon e ju inte lika kritiska som deras (om \u00e4n n\u00e4stan&#8230;) s\u00e5 jag kan ju ha missat n\u00e5t&#8230; Crap. Hatar att va missn\u00f6jd m saker jag gjort. Det \u00e4r det v\u00e4rsta som finns.<\/p>\n<p>Bl a det har jag \u00e4ltat. Sen har jag \u00e4ltat annat ocks\u00e5. Jag hatar att \u00e4lta. Att haka upp sig p\u00e5 en o samma sak o sen inte kunna sl\u00e4ppa det. Det e skitjobbigt. O jag g\u00f6r det alltid.\u00a0\u00a0O man v\u00e4nder o vrider p\u00e5 minsta lilla grej o analyserar o \u00f6veranalyserar tills man inte har n\u00e5t grepp om hur situationen egentligen ser ut o man knappt vet va d e man egentligen t\u00e4nker p\u00e5 l\u00e4ngre&#8230; Suck . O sanningen e att jag inte kan g\u00f6ra n\u00e5t \u00e5t n\u00e5t av det, det b\u00e4sta jag kan g\u00f6ra nu e att ge mig ut i fredagsnatten o l\u00e5ta den ta mig vart \u00e4n den nu tar mig&#8230;<\/p>\n<p>F\u00f6rst av allt ska jag fira Emmelie som fyllde 22 i onsdags! Sen f\u00e5r vi se vart d leder&#8230;&#8230;<\/p>\n<p><img decoding=\"async\" loading=\"lazy\" width=\"288\" src=\"http:\/\/kravallslojd.se\/bloggen\/wp-content\/uploads\/2008\/04\/p9070013.JPG\" height=\"333\" \/><\/p>\n<p><em>V\u00e4rldens finaste Emmelie<\/em><\/p>\n","protected":false},"excerpt":{"rendered":"<p>\u00c4ntligen fredag. Nu e veckan slut, eller nja, n\u00e4stan, jag har tyv\u00e4rr fortfarande ganska m\u00e5nga timmar kvar\u00a0p\u00e5 mig att g\u00f6ra dumheter&#8230;. \u00a0Har haft ett \u00e4ltande dygn. Jag har bl a \u00e4ltat att min kollektion suger. Den e ful, gr\u00e5 o ful. O det har g\u00e5tt s\u00e5 snabbt att sy den att jag knappt kan minnas [&hellip;]<\/p>\n","protected":false},"author":57,"featured_media":0,"comment_status":"open","ping_status":"closed","sticky":false,"template":"","format":"standard","meta":[],"categories":[71],"tags":[],"_links":{"self":[{"href":"https:\/\/kravallslojd.se\/wordpress\/index.php?rest_route=\/wp\/v2\/posts\/515"}],"collection":[{"href":"https:\/\/kravallslojd.se\/wordpress\/index.php?rest_route=\/wp\/v2\/posts"}],"about":[{"href":"https:\/\/kravallslojd.se\/wordpress\/index.php?rest_route=\/wp\/v2\/types\/post"}],"author":[{"embeddable":true,"href":"https:\/\/kravallslojd.se\/wordpress\/index.php?rest_route=\/wp\/v2\/users\/57"}],"replies":[{"embeddable":true,"href":"https:\/\/kravallslojd.se\/wordpress\/index.php?rest_route=%2Fwp%2Fv2%2Fcomments&post=515"}],"version-history":[{"count":0,"href":"https:\/\/kravallslojd.se\/wordpress\/index.php?rest_route=\/wp\/v2\/posts\/515\/revisions"}],"wp:attachment":[{"href":"https:\/\/kravallslojd.se\/wordpress\/index.php?rest_route=%2Fwp%2Fv2%2Fmedia&parent=515"}],"wp:term":[{"taxonomy":"category","embeddable":true,"href":"https:\/\/kravallslojd.se\/wordpress\/index.php?rest_route=%2Fwp%2Fv2%2Fcategories&post=515"},{"taxonomy":"post_tag","embeddable":true,"href":"https:\/\/kravallslojd.se\/wordpress\/index.php?rest_route=%2Fwp%2Fv2%2Ftags&post=515"}],"curies":[{"name":"wp","href":"https:\/\/api.w.org\/{rel}","templated":true}]}}