{"id":517,"date":"2008-04-13T10:49:47","date_gmt":"2008-04-13T08:49:47","guid":{"rendered":"http:\/\/kravallslojd.se\/bloggen\/?p=607"},"modified":"2008-04-13T10:49:47","modified_gmt":"2008-04-13T08:49:47","slug":"sondag-2","status":"publish","type":"post","link":"https:\/\/kravallslojd.se\/wordpress\/?p=517","title":{"rendered":"S\u00f6ndag"},"content":{"rendered":"<p>Ig\u00e5r va jag j\u00e4ttesur. Och arg. Och tr\u00f6tt. Och lite lessen. O alla andra jobbiga k\u00e4nslor man kan ha&#8230; Allt va crap.<\/p>\n<p>Sen kom Kriss o vi drack ros\u00e9 och lyssnade p\u00e5 fransk musik men d gick \u00e4nd\u00e5 inte \u00f6ver. O sen kom Camme. O sen gick vi ut, o tr\u00e4ffade Marika, Elin o Anton. Men d gick \u00e4nd\u00e5 inte \u00f6ver. Ju b\u00e4ttre allt \u00e4r, ju finare m\u00e4nniskor jag tr\u00e4ffar o ju roligare jag vet att jag skulle ha haft om jag inte varit sur, arg o lessen desto surare, argare o lessnare blir jag f\u00f6r desto mer f\u00f6rst\u00f6r\u00a0d ju f\u00f6r mig&#8230;.<\/p>\n<p>Det slutade med att vi l\u00e4mnade KB o alla dansande, raggande sm\u00e5pojkar, k\u00f6pte varsin falafel o gick hem till Skahlman. Jag sov i favvo-Inn-grids s\u00e4ng o kramades med Sten o August hela natten.<\/p>\n<p>Imorse vaknade jag av att v\u00e5rsolen str\u00e5lade utanf\u00f6r trots att klockan bara var runt halv sju o d\u00e5 best\u00e4mde jag mig f\u00f6r att sluta deppa. Allts jobbighet avg\u00f6rs ju av min inst\u00e4llning till det. S\u00e5 nu f\u00e5r d va nog. Jag har sl\u00f6sat nog med energi och tid p\u00e5 att va d\u00e5ligt hum\u00f6r. Nu ska jag duscha, \u00e4ta pannkakor och sen ska jag v\u00e5rsolsh\u00e4nga med alla mina fina hela dan. Jag ska nog inte ens sy! Puss o hej!<\/p>\n","protected":false},"excerpt":{"rendered":"<p>Ig\u00e5r va jag j\u00e4ttesur. Och arg. Och tr\u00f6tt. Och lite lessen. O alla andra jobbiga k\u00e4nslor man kan ha&#8230; Allt va crap. Sen kom Kriss o vi drack ros\u00e9 och lyssnade p\u00e5 fransk musik men d gick \u00e4nd\u00e5 inte \u00f6ver. O sen kom Camme. O sen gick vi ut, o tr\u00e4ffade Marika, Elin o Anton. [&hellip;]<\/p>\n","protected":false},"author":57,"featured_media":0,"comment_status":"open","ping_status":"closed","sticky":false,"template":"","format":"standard","meta":[],"categories":[71],"tags":[],"_links":{"self":[{"href":"https:\/\/kravallslojd.se\/wordpress\/index.php?rest_route=\/wp\/v2\/posts\/517"}],"collection":[{"href":"https:\/\/kravallslojd.se\/wordpress\/index.php?rest_route=\/wp\/v2\/posts"}],"about":[{"href":"https:\/\/kravallslojd.se\/wordpress\/index.php?rest_route=\/wp\/v2\/types\/post"}],"author":[{"embeddable":true,"href":"https:\/\/kravallslojd.se\/wordpress\/index.php?rest_route=\/wp\/v2\/users\/57"}],"replies":[{"embeddable":true,"href":"https:\/\/kravallslojd.se\/wordpress\/index.php?rest_route=%2Fwp%2Fv2%2Fcomments&post=517"}],"version-history":[{"count":0,"href":"https:\/\/kravallslojd.se\/wordpress\/index.php?rest_route=\/wp\/v2\/posts\/517\/revisions"}],"wp:attachment":[{"href":"https:\/\/kravallslojd.se\/wordpress\/index.php?rest_route=%2Fwp%2Fv2%2Fmedia&parent=517"}],"wp:term":[{"taxonomy":"category","embeddable":true,"href":"https:\/\/kravallslojd.se\/wordpress\/index.php?rest_route=%2Fwp%2Fv2%2Fcategories&post=517"},{"taxonomy":"post_tag","embeddable":true,"href":"https:\/\/kravallslojd.se\/wordpress\/index.php?rest_route=%2Fwp%2Fv2%2Ftags&post=517"}],"curies":[{"name":"wp","href":"https:\/\/api.w.org\/{rel}","templated":true}]}}