{"id":521,"date":"2008-04-21T22:35:13","date_gmt":"2008-04-21T20:35:13","guid":{"rendered":"http:\/\/kravallslojd.se\/bloggen\/?p=611"},"modified":"2008-04-21T22:35:13","modified_gmt":"2008-04-21T20:35:13","slug":"battre-sent-an-aldrig","status":"publish","type":"post","link":"https:\/\/kravallslojd.se\/wordpress\/?p=521","title":{"rendered":"B\u00e4ttre sent \u00e4n aldrig"},"content":{"rendered":"<p>Hej alla!<\/p>\n<p>Det \u00e4r jag som \u00e4r Mattis och som ska blogga den h\u00e4r veckan. Med n\u00e5gon timme tillgodo p\u00e5 det h\u00e4r dygnet kommer h\u00e4r ett livstecken, jag vill bara ge mig tillk\u00e4nna och f\u00f6rs\u00e4kra er om att jag inte gl\u00f6mt bort er. Tr\u00e5kigt nog har den h\u00e4r m\u00e5ndagen inte blivit som planerad och d\u00e4rmed fick mitt f\u00f6rsta inl\u00e4gg inte s\u00e5 h\u00f6g prioritet, men det hoppas jag att ni har \u00f6verseende med. Vi f\u00e5r hoppas att jag tar igen det under veckan som kommer. Men ikv\u00e4ll blir det inte s\u00e5 m\u00e5nga rader, bara en liten godnatth\u00e4lsning.<\/p>\n<p>Och just det ja, om \u00e4n lite f\u00f6rsenat; STORT grattis p\u00e5 ett\u00e5rsdagen till Kravallsl\u00f6jd och grundarna! Era framg\u00e5ngar ger vatten p\u00e5 kvarn och f\u00e5r en att b\u00f6rja undra; det kanske finns ett st\u00f6rre intresse f\u00f6r sl\u00f6jd och hantverk \u00e4n vi tidigare v\u00e5gat hoppas p\u00e5? Att visa upp sl\u00f6jd i ny kostym och i nya forum \u00e4r ingen dum id\u00e9, men det d\u00e4r vet ni ju redan. Och sedan d\u00f6k en annan galen tanke d\u00f6k upp; ni inser v\u00e4l att ni sitter p\u00e5 en guldgruva? Jag menar inte rent ekonomiskt, men resursm\u00e4ssigt. Hemsidor, bloggar och tillg\u00e4nglighet via n\u00e4tet i all \u00e4ra, men vad s\u00e4gs om att h\u00f6ja ribban ett par sn\u00e4pp och&#8230; ge ut en tidning? Jag vet att en viss Mia skulle gilla det lilla ordet chefredakt\u00f6r p\u00e5 sitt visitkort. Sug p\u00e5 den.<\/p>\n<p>Ett sista ord f\u00f6r i kv\u00e4ll och en uppmaning: kommentera g\u00e4rna det jag skriver under veckan eller skicka mig ett mail! Om vad som helst faktiskt.<\/p>\n<p>God afton!<\/p>\n","protected":false},"excerpt":{"rendered":"<p>Hej alla! Det \u00e4r jag som \u00e4r Mattis och som ska blogga den h\u00e4r veckan. Med n\u00e5gon timme tillgodo p\u00e5 det h\u00e4r dygnet kommer h\u00e4r ett livstecken, jag vill bara ge mig tillk\u00e4nna och f\u00f6rs\u00e4kra er om att jag inte gl\u00f6mt bort er. Tr\u00e5kigt nog har den h\u00e4r m\u00e5ndagen inte blivit som planerad och d\u00e4rmed [&hellip;]<\/p>\n","protected":false},"author":59,"featured_media":0,"comment_status":"open","ping_status":"closed","sticky":false,"template":"","format":"standard","meta":[],"categories":[69],"tags":[],"_links":{"self":[{"href":"https:\/\/kravallslojd.se\/wordpress\/index.php?rest_route=\/wp\/v2\/posts\/521"}],"collection":[{"href":"https:\/\/kravallslojd.se\/wordpress\/index.php?rest_route=\/wp\/v2\/posts"}],"about":[{"href":"https:\/\/kravallslojd.se\/wordpress\/index.php?rest_route=\/wp\/v2\/types\/post"}],"author":[{"embeddable":true,"href":"https:\/\/kravallslojd.se\/wordpress\/index.php?rest_route=\/wp\/v2\/users\/59"}],"replies":[{"embeddable":true,"href":"https:\/\/kravallslojd.se\/wordpress\/index.php?rest_route=%2Fwp%2Fv2%2Fcomments&post=521"}],"version-history":[{"count":0,"href":"https:\/\/kravallslojd.se\/wordpress\/index.php?rest_route=\/wp\/v2\/posts\/521\/revisions"}],"wp:attachment":[{"href":"https:\/\/kravallslojd.se\/wordpress\/index.php?rest_route=%2Fwp%2Fv2%2Fmedia&parent=521"}],"wp:term":[{"taxonomy":"category","embeddable":true,"href":"https:\/\/kravallslojd.se\/wordpress\/index.php?rest_route=%2Fwp%2Fv2%2Fcategories&post=521"},{"taxonomy":"post_tag","embeddable":true,"href":"https:\/\/kravallslojd.se\/wordpress\/index.php?rest_route=%2Fwp%2Fv2%2Ftags&post=521"}],"curies":[{"name":"wp","href":"https:\/\/api.w.org\/{rel}","templated":true}]}}