{"id":522,"date":"2008-04-23T21:28:24","date_gmt":"2008-04-23T19:28:24","guid":{"rendered":"http:\/\/kravallslojd.se\/bloggen\/?p=612"},"modified":"2008-04-23T21:28:24","modified_gmt":"2008-04-23T19:28:24","slug":"motvikt","status":"publish","type":"post","link":"https:\/\/kravallslojd.se\/wordpress\/?p=522","title":{"rendered":"Motvikt"},"content":{"rendered":"<p>Varf\u00f6r vill vi f\u00e5 andra att sl\u00f6jda och varf\u00f6r ska jag sl\u00f6jda? Ur megafonen ljuder en vibrerande, g\u00e4ll st\u00e4mma som h\u00e4mtad ur en gammal journalfilm: <em>\u201d\u00d6ka intresset f\u00f6r, kunskapen om och ut\u00f6vandet av hemsl\u00f6jd\u201d.<\/em> Det \u00e4r s\u00e5 det l\u00e5ter fr\u00e5n centralt h\u00e5ll. Och den parollen kan jag ocks\u00e5 skriva under p\u00e5, det \u00e4r j\u00e4ttebra om fler blir intresserade av hemsl\u00f6jd. Men <em>varf\u00f6r<\/em>? Har det t.ex ett egenv\u00e4rde att bevara n\u00e5got som \u00e4r p\u00e5 utd\u00f6ende? Kanske det. Men intresset f\u00f6r sl\u00f6jd kanske kan g\u00e5 lite djupare \u00e4n s\u00e5. S\u00e5 varf\u00f6r ska man d\u00e5 sl\u00f6jda om inte f\u00f6r att f\u00f6rhindra att traditioner och kunskap f\u00f6rsvinner? Tja, vad s\u00e4gs om livskvalitet? Nu menar jag inte att det \u00e4r vikten av bevarandet av traditioner som \u00e4r den enda r\u00e5dande uppfattningen om varf\u00f6r man ska sl\u00f6jda, men att se sl\u00f6jd som en alternativ livsstil \u00e4r knappast n\u00e5got som h\u00f6rs s\u00e4rskilt ofta.<\/p>\n<p>N\u00e4r jag har f\u00f6rs\u00f6kt utforska mitt eget intresse f\u00f6r sl\u00f6jd och hantverk har jag n\u00e4rmat mig en tanke som handlar om att det bottnar i min starka l\u00e4ngtan efter frihet. Jag b\u00f6rjade arbeta i ganska unga \u00e5r och vantrivdes periodvis med det, vilket fick till f\u00f6ljd att jag b\u00f6rjade str\u00e4va efter frihet och sj\u00e4lvst\u00e4ndighet. Oberoende och en jag-klarar-mig-sj\u00e4lv-filosofi blev till k\u00e4pph\u00e4star och jag ville l\u00e4ra mig mer. Jag str\u00e4vade bort fr\u00e5n det v\u00e4lk\u00e4nda och mot n\u00e5got primitivt, n\u00e5got ursprungligt och \u00e4kta. Sj\u00e4lvhush\u00e5ll, naturn\u00e4ra boende, hantverk f\u00f6r husbehov &#8211; allt med hj\u00e4lp av gedigen, ur\u00e5ldrig kunskap, alla m\u00e4nniskors medf\u00f6dda kreativitet och dess inneboende kraft. Jag \u00e4r inte d\u00e4r \u00e4nnu.<\/p>\n<p>Jag ville, och vill fortfarande uppleva n\u00e5got mer \u00e4kta \u00e4n den i mina \u00f6gon m\u00e5nga g\u00e5nger destruktiva konsumtionslivsstil som v\u00e5r del av v\u00e4rlden har satt som standard. Detta tillsammans med tusen andra erfarenheter och dr\u00f6mmar har blivit embryot till en egen, hemmasnickrad filosofi, och n\u00e5gonstans i allt det finns min sl\u00f6jd. Sl\u00f6jd som kanske kan fungera som motvikt. Motvikt till dagens livsstil, ett <em>alternativ<\/em> till dagens livsstil. Det kanske inte \u00e4r p\u00e5 mitt ansvar eller f\u00f6r mig att propagera f\u00f6r en f\u00f6r\u00e4ndring av samh\u00e4llets grundstruktur och en \u00e5terg\u00e5ng till sj\u00e4lvhush\u00e5ll och husbehovssl\u00f6jd, men att f\u00e5 mig att acceptera omv\u00e4rlden som den \u00e4r med alla fel och brister g\u00f6r sig inte utan tortyr. Kalla mig bak\u00e5tstr\u00e4vare eller vad ni vill men p\u00e5 den punkten kommer jag inte att ge vika; v\u00e4stv\u00e4rldens livsstil <em>\u00e4r<\/em> till delar destruktiv och jag <em>m\u00e5ste<\/em> inte finna mig i det. Om jag v\u00e4ljer en annorlunda livsstil r\u00e4ddar det knappast v\u00e4rlden, men jag anser att det m\u00e5ste finnas motpoler till den r\u00e5dande normen, och vanliga m\u00e4nniskor m\u00e5ste f\u00e5 m\u00f6jlighet att se alternativa v\u00e4gar. Vi har alla fortfarande friheten att g\u00f6ra ett val och vi m\u00e5ste inte f\u00f6lja med str\u00f6mmen. Kan man &#8221;r\u00e4dda v\u00e4rlden&#8221; med hj\u00e4lp av sl\u00f6jd? Jag vet inte, men jag hoppas att om man f\u00f6rs\u00f6ker v\u00e4cka m\u00e4nniskors intresse kan man g\u00f6ra dem medvetna om att det finns tillf\u00e4llen till andra val. Och jag tror att sl\u00f6jden kan vara en betydelsefull del av en alternativ livsstil. Det \u00e4r en anledning till varf\u00f6r jag tycker det \u00e4r bra att vi sl\u00f6jdar.<\/p>\n<p>V\u00e4n av ordning v\u00e4nder sig kanske emot att jag faktiskt inte lever det d\u00e4r sj\u00e4lvhush\u00e5llande helyllelivet, eller ens har tagit avst\u00e5nd fr\u00e5n konsumtion. Helt korrekt, men det \u00e4r ingen som har sagt att det \u00e4r enkelt att leva, och att vara principfast eller konsekvent skulle jag vilja p\u00e5st\u00e5 \u00e4r \u00e4nnu sv\u00e5rare. Mer tankar kommer i morgon. Go\u2019natt.<\/p>\n","protected":false},"excerpt":{"rendered":"<p>Varf\u00f6r vill vi f\u00e5 andra att sl\u00f6jda och varf\u00f6r ska jag sl\u00f6jda? Ur megafonen ljuder en vibrerande, g\u00e4ll st\u00e4mma som h\u00e4mtad ur en gammal journalfilm: \u201d\u00d6ka intresset f\u00f6r, kunskapen om och ut\u00f6vandet av hemsl\u00f6jd\u201d. Det \u00e4r s\u00e5 det l\u00e5ter fr\u00e5n centralt h\u00e5ll. Och den parollen kan jag ocks\u00e5 skriva under p\u00e5, det \u00e4r j\u00e4ttebra om [&hellip;]<\/p>\n","protected":false},"author":59,"featured_media":0,"comment_status":"open","ping_status":"closed","sticky":false,"template":"","format":"standard","meta":[],"categories":[69],"tags":[],"_links":{"self":[{"href":"https:\/\/kravallslojd.se\/wordpress\/index.php?rest_route=\/wp\/v2\/posts\/522"}],"collection":[{"href":"https:\/\/kravallslojd.se\/wordpress\/index.php?rest_route=\/wp\/v2\/posts"}],"about":[{"href":"https:\/\/kravallslojd.se\/wordpress\/index.php?rest_route=\/wp\/v2\/types\/post"}],"author":[{"embeddable":true,"href":"https:\/\/kravallslojd.se\/wordpress\/index.php?rest_route=\/wp\/v2\/users\/59"}],"replies":[{"embeddable":true,"href":"https:\/\/kravallslojd.se\/wordpress\/index.php?rest_route=%2Fwp%2Fv2%2Fcomments&post=522"}],"version-history":[{"count":0,"href":"https:\/\/kravallslojd.se\/wordpress\/index.php?rest_route=\/wp\/v2\/posts\/522\/revisions"}],"wp:attachment":[{"href":"https:\/\/kravallslojd.se\/wordpress\/index.php?rest_route=%2Fwp%2Fv2%2Fmedia&parent=522"}],"wp:term":[{"taxonomy":"category","embeddable":true,"href":"https:\/\/kravallslojd.se\/wordpress\/index.php?rest_route=%2Fwp%2Fv2%2Fcategories&post=522"},{"taxonomy":"post_tag","embeddable":true,"href":"https:\/\/kravallslojd.se\/wordpress\/index.php?rest_route=%2Fwp%2Fv2%2Ftags&post=522"}],"curies":[{"name":"wp","href":"https:\/\/api.w.org\/{rel}","templated":true}]}}