{"id":5222,"date":"2011-05-09T22:17:39","date_gmt":"2011-05-09T21:17:39","guid":{"rendered":"http:\/\/kravallslojd.se\/wordpress\/?p=5222"},"modified":"2011-05-09T22:17:39","modified_gmt":"2011-05-09T21:17:39","slug":"hej-dar","status":"publish","type":"post","link":"https:\/\/kravallslojd.se\/wordpress\/?p=5222","title":{"rendered":"Hej d\u00e4r!"},"content":{"rendered":"<p><strong><span style=\"font-family: Arial,sans-serif\"><span style=\"font-size: x-small\">Roligt att just du hittade hit till min bloggvecka hos Kravallsl\u00f6jd!<\/span><\/span> <\/strong><\/p>\n<p><span style=\"font-family: Arial,sans-serif\"><span style=\"font-size: x-small\">Just nu sker f\u00f6rberedelser inf\u00f6r den <a href=\"http:\/\/www.facebook.com\/home.php?ref=hp#!\/event.php?eid=205918219441286\"  target=\"_blank\">Textila utst\u00e4llning<\/a> som jag och mina kurskamrater i Textila uttryck II, Ume\u00e5 Universtitet ska h\u00e5lla i morgon. Detta sena inl\u00e4gg f\u00e5r v\u00e4l vara ett bevis p\u00e5 att jag jobbar in i det sista :)<\/span><\/span><\/p>\n<p><span style=\"font-family: Arial,sans-serif\"><span style=\"font-size: x-small\">F\u00f6rberedelser, fundera, fixa material f\u00f6r h\u00e4gning, planera sj\u00e4lv, planera tillsammans med andra, vad passar ihop?, vilka verk b\u00f6r st\u00e5 bredvid varandra? Hur skapar man en gemensam, sammanh\u00e5llen utst\u00e4llning? Ja fr\u00e5gorna \u00e4r m\u00e5nga som jag och kurskamraterna st\u00e4lldes inf\u00f6r idag. Och visst det \u00e4r ej l\u00e4tt, n\u00e4r olika verk och dess konstn\u00e4rer ska bli ett. Men! Jag tror vi fixar det och i morgon \u00f6ppnar vi upp utst\u00e4llningen f\u00f6r allm\u00e4nheten, sp\u00e4nnande med en del fj\u00e4rilar i magen.<\/span><\/span><\/p>\n<p><span style=\"font-family: Arial,sans-serif\"><span style=\"font-size: x-small\">Varf\u00f6r utst\u00e4llning? F\u00f6r v\u00e5r del en slags \u201dgrand finale\u201d d\u00e4r vi alla f\u00e5r m\u00f6jlighet att visa upp vad vi pysslat med hemma (kursen ges p\u00e5 distans) det senaste halv\u00e5ret och ett fint slut p\u00e5 en kurs som nu slutar i Juni. N\u00e4r jag nu \u00e4r inne i utst\u00e4llningst\u00e4nket s\u00e5 har \u00e4ven mina \u00f6gon \u00f6ppnat sig f\u00f6r vilka utst\u00e4llningar det finns runt omkring i n\u00e4romr\u00e5det, s\u00e5dant som jag inte riktigt innan hade reflekterat \u00f6ver. F\u00f6r mig \u00e4r en utst\u00e4llning en m\u00f6jlighet att visa upp det man g\u00f6r f\u00f6r fler \u00e4n n\u00e4ra och k\u00e4ra, en m\u00f6jlighet som kan vara ett sp\u00e5r och en ny v\u00e4g i sitt skapande. Som bes\u00f6kare p\u00e5 en utst\u00e4llning har man m\u00f6jlighet till inspiration, att samla ny kraft och nya idee\u00b4r till ev. sitt eget skapande, en m\u00f6jlighet att f\u00e5 se in i n\u00e5gon annans inre v\u00e4rld och skapande kraft och f\u00e5 ta del av vackra verk som kanske s\u00e4tter ig\u00e5ng tankarna, utmanar samt f\u00f6der nytt.<\/span><\/span><\/p>\n<p><span style=\"font-family: Arial,sans-serif\"><span style=\"font-size: x-small\">Detta pirr som nu infinner sig \u00e4r lite grann som kv\u00e4llen innan julafton eller sin f\u00f6delsedag d\u00e5 man var liten. V\u00e4ntan p\u00e5 n\u00e5got som man vet \u00e4r roligt och sp\u00e4nnande men ocks\u00e5 n\u00e5got som man ej har full kontroll \u00f6ver, n\u00e5got som inneb\u00e4r \u00f6verraskningar. I morgon g\u00e4ller det!! <\/span><\/span><\/p>\n<p><span style=\"font-family: Arial,sans-serif\"><span style=\"font-size: x-small\">Bilder fr\u00e5n utst\u00e4llningen kommer under veckan.<\/span><\/span><\/p>\n<p><span style=\"font-family: Arial,sans-serif\"><span style=\"font-size: x-small\">Vi syns! \/H\u00e4lsningar Linn\u00e9a<\/span><\/span><\/p>\n<p>&nbsp;<\/p>\n<p><span style=\"font-family: Arial,sans-serif\"><span style=\"font-size: x-small\">H\u00e4r f\u00f6ljer lite tips p\u00e5 utst\u00e4llningar just nu i Ume\u00e5 som engagerade designer och konstn\u00e4rer har skapat\/skapar och som f\u00f6rtj\u00e4nar att synas:<\/span><\/span><\/p>\n<p><a href=\"http:\/\/www.facebook.com\/home.php?ref=hp#!\/event.php?eid=138883052851910\"  target=\"_blank\"><span style=\"font-family: Arial,sans-serif\"><span style=\"font-size: x-small\"><strong>Meet all glass<\/strong><\/span><\/span><\/a><\/p>\n<p><span style=\"font-family: Arial,sans-serif\"><span style=\"font-size: x-small\">En utst\u00e4llning med glas och blandade material av studenter i kursen Glas, design och skulptur, Ume\u00e5 Universitet.<\/span><\/span><\/p>\n<p><a href=\"http:\/\/www.sofieweibull.se\/aktuellt.html\"  target=\"_blank\"><span style=\"font-family: Arial,sans-serif\"><span style=\"font-size: x-small\"><strong>Sofie Weibull<\/strong><\/span><\/span><\/a><\/p>\n<p><span style=\"font-family: Arial,sans-serif\"><span style=\"font-size: x-small\">N\u00e4rhet \u2013 en interaktiv skulpturinstallation som best\u00e5r av tygskulpturer fyllda med cellplastkulor.<\/span><\/span><\/p>\n<p><a href=\"http:\/\/www.bildmuseet.umu.se\/utst.html\"  target=\"_blank\"><span style=\"font-family: Arial,sans-serif\"><span style=\"font-size: x-small\"><strong>13: Master of Fine Arts 2011<\/strong><\/span><\/span><\/a><\/p>\n<p><span style=\"font-family: Arial,sans-serif\"><span style=\"font-size: x-small\">Masterprogrammet i fri konst, examensutst\u00e4llning.<\/span><\/span><\/p>\n<p>&nbsp;<\/p>\n<p>&nbsp;<\/p>\n","protected":false},"excerpt":{"rendered":"<p>Roligt att just du hittade hit till min bloggvecka hos Kravallsl\u00f6jd! Just nu sker f\u00f6rberedelser inf\u00f6r den Textila utst\u00e4llning som jag och mina kurskamrater i Textila uttryck II, Ume\u00e5 Universtitet ska h\u00e5lla i morgon. Detta sena inl\u00e4gg f\u00e5r v\u00e4l vara ett bevis p\u00e5 att jag jobbar in i det sista :) F\u00f6rberedelser, fundera, fixa material [&hellip;]<\/p>\n","protected":false},"author":160,"featured_media":0,"comment_status":"open","ping_status":"open","sticky":false,"template":"","format":"standard","meta":[],"categories":[605],"tags":[141,606,608,607],"_links":{"self":[{"href":"https:\/\/kravallslojd.se\/wordpress\/index.php?rest_route=\/wp\/v2\/posts\/5222"}],"collection":[{"href":"https:\/\/kravallslojd.se\/wordpress\/index.php?rest_route=\/wp\/v2\/posts"}],"about":[{"href":"https:\/\/kravallslojd.se\/wordpress\/index.php?rest_route=\/wp\/v2\/types\/post"}],"author":[{"embeddable":true,"href":"https:\/\/kravallslojd.se\/wordpress\/index.php?rest_route=\/wp\/v2\/users\/160"}],"replies":[{"embeddable":true,"href":"https:\/\/kravallslojd.se\/wordpress\/index.php?rest_route=%2Fwp%2Fv2%2Fcomments&post=5222"}],"version-history":[{"count":2,"href":"https:\/\/kravallslojd.se\/wordpress\/index.php?rest_route=\/wp\/v2\/posts\/5222\/revisions"}],"predecessor-version":[{"id":5224,"href":"https:\/\/kravallslojd.se\/wordpress\/index.php?rest_route=\/wp\/v2\/posts\/5222\/revisions\/5224"}],"wp:attachment":[{"href":"https:\/\/kravallslojd.se\/wordpress\/index.php?rest_route=%2Fwp%2Fv2%2Fmedia&parent=5222"}],"wp:term":[{"taxonomy":"category","embeddable":true,"href":"https:\/\/kravallslojd.se\/wordpress\/index.php?rest_route=%2Fwp%2Fv2%2Fcategories&post=5222"},{"taxonomy":"post_tag","embeddable":true,"href":"https:\/\/kravallslojd.se\/wordpress\/index.php?rest_route=%2Fwp%2Fv2%2Ftags&post=5222"}],"curies":[{"name":"wp","href":"https:\/\/api.w.org\/{rel}","templated":true}]}}