{"id":523,"date":"2008-04-24T22:16:02","date_gmt":"2008-04-24T20:16:02","guid":{"rendered":"http:\/\/kravallslojd.se\/bloggen\/?p=613"},"modified":"2008-04-24T22:16:02","modified_gmt":"2008-04-24T20:16:02","slug":"613","status":"publish","type":"post","link":"https:\/\/kravallslojd.se\/wordpress\/?p=523","title":{"rendered":""},"content":{"rendered":"<p>God afton. Jag borde f\u00f6rst\u00e5s presenterat mig utf\u00f6rligare. Jag \u00e4r allts\u00e5 Mattis, en mycket ung man p\u00e5 gr\u00e4nsen till medel\u00e5lders (n\u00e5got som jag f\u00f6rs\u00f6ker ignorera) och jag bor f\u00f6r tillf\u00e4llet i Stockholms utkant. Jag flyttade hit f\u00f6r att g\u00e5 H\u00f6gre hemsl\u00f6jdsutbildningen och \u00e4r klar med det nu till sommaren. F\u00f6r de som inte vet det \u00e4r det en ledarutbildning f\u00f6r blivande hemsl\u00f6jdskonsulenter och andra verksamhetsledare inom sl\u00f6jd och hantverk. Och det \u00e4r just det jag siktar p\u00e5, en lysande karri\u00e4r som hemsl\u00f6jdskonsulent n\u00e5gonstans i v\u00e5rt avl\u00e5nga land. H\u00e4pp. <\/p>\n<p>\u00a0<\/p>\n<p>Jag \u00e4r mitt uppe i mitt examensprojekt och f\u00f6rs\u00f6ker pussla ihop det med allt annat\u00a0 som m\u00e5ste g\u00f6ras. Jag sitter i skolans lilla tr\u00e4verkstad och omv\u00e4xlande sl\u00f6jdar, skriver, mailar och pratar i telefon. Ibland kommer det n\u00e5gon p\u00e5 bes\u00f6k och d\u00e5 m\u00e5ste man f\u00f6rst\u00e5s fika lite ox\u00e5. Projektet jag arbetar med g\u00e5r i alla fall ut p\u00e5 att inspireras av \u00e4ldre f\u00f6rem\u00e5l och g\u00f6ra n\u00e5got nytt och annorlunda utav det. Enkelt sagt handlar det om att \u00f6verf\u00f6ra formerna hos tv\u00e5dimensionella, textila figurer till tredimensionella figurer i tr\u00e4. <\/p>\n<p>Jag har tillg\u00e5ng till skolans textilsamlingar och d\u00e4r har jag hittat ett och annat guldkorn, bland annat n\u00e5gra dynor fr\u00e5n sk\u00e5ne. P\u00e5 en av dynorna \u00e4r en mycket fantasifull enh\u00f6rning avbildad och den har jag arbetat med st\u00f6rre delen av dagen. <\/p>\n<p>\u00a0<\/p>\n<p>Jag b\u00f6rjade tidigt idag, jag var uppe strax efter fem och tog en tidig buss in till stan och skolan. D\u00e4r b\u00f6rjade jag med en liten frukost best\u00e5ende av grovt r\u00e5gbr\u00f6d, hemgjord hummus (med alldeles f\u00f6r mycket vitl\u00f6k), avocado och apelsinjuice. Jag kommer f\u00f6rmodligen att g\u00e5 i personlig konkurs p\u00e5 grund av mitt om\u00e4ttliga behov &#8211; till gr\u00e4nsen p\u00e5 beroende eller m\u00f6jligen missbruk &#8211; av apelsinjuice. G\u00e4rna den goda, goda och dyra, dyra f\u00e4rskpressade sorten! Jag kan inte f\u00e5 nog! Sen satte jag ig\u00e5ng med att f\u00e4rdigst\u00e4lla en skulptur av en stiliserad r\u00e4v. Inspirationen till den kom fr\u00e5n en annan sk\u00e5nsk dyna d\u00e4r man kan se n\u00e5got som med lite fantasi kan tydas som en p\u00e5f\u00e5gel. Men i mitt huvud s\u00e5g den d\u00e5 ut som en r\u00e4v&#8230; med en buske p\u00e5 ryggen. Jag fimpade busken. Och nu \u00e4r den klar f\u00f6r m\u00e5lning. Vid niosn\u00e5ret kom min handledare och vi pratade i kanske en halvtimme om mitt projekt och den stundande examensutst\u00e4llningen, som jag ocks\u00e5 ansvarar f\u00f6r. S\u00e5 sm\u00e5ningom gick jag \u00f6ver till enh\u00f6rningen jag n\u00e4mde. Eller enh\u00f6rningarna om man ska vara noga, det blir en liten hjord p\u00e5 5-6 stycken. Och oerh\u00f6rt charmiga om jag f\u00e5r s\u00e4ga det sj\u00e4lv. <\/p>\n<p>\u00a0<\/p>\n<p>Imorgon hoppas jag att jag hinner l\u00e4gga upp lite bilder, och kanske peta in en och annan reflektion om sl\u00f6jd, livet eller n\u00e5got annat. Tills dess: Mot Sherwoodskogen!<\/p>\n<p>\u00a0<\/p>\n","protected":false},"excerpt":{"rendered":"<p>God afton. Jag borde f\u00f6rst\u00e5s presenterat mig utf\u00f6rligare. Jag \u00e4r allts\u00e5 Mattis, en mycket ung man p\u00e5 gr\u00e4nsen till medel\u00e5lders (n\u00e5got som jag f\u00f6rs\u00f6ker ignorera) och jag bor f\u00f6r tillf\u00e4llet i Stockholms utkant. Jag flyttade hit f\u00f6r att g\u00e5 H\u00f6gre hemsl\u00f6jdsutbildningen och \u00e4r klar med det nu till sommaren. F\u00f6r de som inte vet det [&hellip;]<\/p>\n","protected":false},"author":59,"featured_media":0,"comment_status":"open","ping_status":"closed","sticky":false,"template":"","format":"standard","meta":[],"categories":[69],"tags":[],"_links":{"self":[{"href":"https:\/\/kravallslojd.se\/wordpress\/index.php?rest_route=\/wp\/v2\/posts\/523"}],"collection":[{"href":"https:\/\/kravallslojd.se\/wordpress\/index.php?rest_route=\/wp\/v2\/posts"}],"about":[{"href":"https:\/\/kravallslojd.se\/wordpress\/index.php?rest_route=\/wp\/v2\/types\/post"}],"author":[{"embeddable":true,"href":"https:\/\/kravallslojd.se\/wordpress\/index.php?rest_route=\/wp\/v2\/users\/59"}],"replies":[{"embeddable":true,"href":"https:\/\/kravallslojd.se\/wordpress\/index.php?rest_route=%2Fwp%2Fv2%2Fcomments&post=523"}],"version-history":[{"count":0,"href":"https:\/\/kravallslojd.se\/wordpress\/index.php?rest_route=\/wp\/v2\/posts\/523\/revisions"}],"wp:attachment":[{"href":"https:\/\/kravallslojd.se\/wordpress\/index.php?rest_route=%2Fwp%2Fv2%2Fmedia&parent=523"}],"wp:term":[{"taxonomy":"category","embeddable":true,"href":"https:\/\/kravallslojd.se\/wordpress\/index.php?rest_route=%2Fwp%2Fv2%2Fcategories&post=523"},{"taxonomy":"post_tag","embeddable":true,"href":"https:\/\/kravallslojd.se\/wordpress\/index.php?rest_route=%2Fwp%2Fv2%2Ftags&post=523"}],"curies":[{"name":"wp","href":"https:\/\/api.w.org\/{rel}","templated":true}]}}