{"id":5293,"date":"2011-05-15T16:59:39","date_gmt":"2011-05-15T15:59:39","guid":{"rendered":"http:\/\/kravallslojd.se\/wordpress\/?p=5293"},"modified":"2011-05-15T16:59:39","modified_gmt":"2011-05-15T15:59:39","slug":"utstallningskatalog-och-ett-tack-och-hejda","status":"publish","type":"post","link":"https:\/\/kravallslojd.se\/wordpress\/?p=5293","title":{"rendered":"Utst\u00e4llningskatalog och ett tack och hejd\u00e5!"},"content":{"rendered":"<p>Som sista inl\u00e4gg p\u00e5 denna bloggvecka visar jag lite bilder fr\u00e5n den utst\u00e4llningskatalog\u00a0 jag skapade till Textilutst\u00e4llningen &#8211; AVTRYCK, Ume\u00e5 Universitet. Katalogen \u00e4r ett projekt och en kombinering av kursen Textila uttryck II och Grafisk form. En m\u00f6jlighet att kombinera tv\u00e5 saker jag \u00e4lskar, textil och grafik!<\/p>\n<p>Klicka <a href=\"http:\/\/linneakolback.blogspot.com\/\"  target=\"_blank\">h\u00e4r<\/a> f\u00f6r att se bilder av katalogen!<\/p>\n<p>Denna veckan har varit hektisk men jag hoppas att ni som har l\u00e4st mina inl\u00e4gg har f\u00e5tt en liten inblick i min v\u00e4rld, mina tankar och verk samt \u00e4ven f\u00e5tt lite inspiration till ert skapande.<\/p>\n<p>F\u00f6lj din dr\u00f6m, med gl\u00e4dje\u00a0 &#8211; <a href=\"http:\/\/flavors.me\/linneakolback\"  target=\"_blank\">Linn\u00e9a Kolb\u00e4ck, Ume\u00e5<\/a><\/p>\n<p>&nbsp;<\/p>\n","protected":false},"excerpt":{"rendered":"<p>Som sista inl\u00e4gg p\u00e5 denna bloggvecka visar jag lite bilder fr\u00e5n den utst\u00e4llningskatalog\u00a0 jag skapade till Textilutst\u00e4llningen &#8211; AVTRYCK, Ume\u00e5 Universitet. Katalogen \u00e4r ett projekt och en kombinering av kursen Textila uttryck II och Grafisk form. En m\u00f6jlighet att kombinera tv\u00e5 saker jag \u00e4lskar, textil och grafik! Klicka h\u00e4r f\u00f6r att se bilder av katalogen! [&hellip;]<\/p>\n","protected":false},"author":160,"featured_media":0,"comment_status":"open","ping_status":"open","sticky":false,"template":"","format":"standard","meta":[],"categories":[605],"tags":[613,121,141,608],"_links":{"self":[{"href":"https:\/\/kravallslojd.se\/wordpress\/index.php?rest_route=\/wp\/v2\/posts\/5293"}],"collection":[{"href":"https:\/\/kravallslojd.se\/wordpress\/index.php?rest_route=\/wp\/v2\/posts"}],"about":[{"href":"https:\/\/kravallslojd.se\/wordpress\/index.php?rest_route=\/wp\/v2\/types\/post"}],"author":[{"embeddable":true,"href":"https:\/\/kravallslojd.se\/wordpress\/index.php?rest_route=\/wp\/v2\/users\/160"}],"replies":[{"embeddable":true,"href":"https:\/\/kravallslojd.se\/wordpress\/index.php?rest_route=%2Fwp%2Fv2%2Fcomments&post=5293"}],"version-history":[{"count":2,"href":"https:\/\/kravallslojd.se\/wordpress\/index.php?rest_route=\/wp\/v2\/posts\/5293\/revisions"}],"predecessor-version":[{"id":5295,"href":"https:\/\/kravallslojd.se\/wordpress\/index.php?rest_route=\/wp\/v2\/posts\/5293\/revisions\/5295"}],"wp:attachment":[{"href":"https:\/\/kravallslojd.se\/wordpress\/index.php?rest_route=%2Fwp%2Fv2%2Fmedia&parent=5293"}],"wp:term":[{"taxonomy":"category","embeddable":true,"href":"https:\/\/kravallslojd.se\/wordpress\/index.php?rest_route=%2Fwp%2Fv2%2Fcategories&post=5293"},{"taxonomy":"post_tag","embeddable":true,"href":"https:\/\/kravallslojd.se\/wordpress\/index.php?rest_route=%2Fwp%2Fv2%2Ftags&post=5293"}],"curies":[{"name":"wp","href":"https:\/\/api.w.org\/{rel}","templated":true}]}}