{"id":540,"date":"2008-06-02T10:41:49","date_gmt":"2008-06-02T08:41:49","guid":{"rendered":"http:\/\/kravallslojd.se\/bloggen\/?p=639"},"modified":"2008-06-02T10:41:49","modified_gmt":"2008-06-02T08:41:49","slug":"en-grindmakare-fran-nacka","status":"publish","type":"post","link":"https:\/\/kravallslojd.se\/wordpress\/?p=540","title":{"rendered":"En grindmakare fr\u00e5n Nacka."},"content":{"rendered":"<p><a href=\"http:\/\/kravallslojd.se\/bloggen\/wp-content\/uploads\/2008\/06\/grindar-lysekil-001.jpg\"  title=\"Grindritningar p\u00e5 klippor i Lysekil\"><\/a><a href=\"http:\/\/kravallslojd.se\/bloggen\/wp-content\/uploads\/2008\/06\/grindar-lysekil-001.jpg\"  title=\"Grindritningar p\u00e5 klippor i Lysekil\"><img decoding=\"async\" src=\"http:\/\/kravallslojd.se\/bloggen\/wp-content\/uploads\/2008\/06\/grindar-lysekil-001.tumnagel.jpg\" alt=\"Grindritningar p\u00e5 klippor i Lysekil\" \/><\/a>Hej p\u00e5 er.<\/p>\n<p>Ja d\u00e5 var det min tur att blogga lite. Premi\u00e4r f\u00f6r min del.<\/p>\n<p>Jag befinner mig just nu i Lysekil p\u00e5 v\u00e4stkusten. Jag ska strax ner till Orust och m\u00e4ta upp f\u00f6r en dubbelgrind och en enkelgrind. Passade p\u00e5 n<a href=\"http:\/\/kravallslojd.se\/bloggen\/wp-content\/uploads\/2008\/06\/grindar-lysekil-003.jpg\"  title=\"\u201cJ\u00e4 g\u00e5r p\u00e5 strane \u00e5 vragar ve\u201d\"><img decoding=\"async\" align=\"right\" src=\"http:\/\/kravallslojd.se\/bloggen\/wp-content\/uploads\/2008\/06\/grindar-lysekil-003.tumnagel.jpg\" alt=\"\u201cJ\u00e4 g\u00e5r p\u00e5 strane \u00e5 vragar ve\u201d\" \/><\/a>\u00e4r jag bes\u00f6kte min familj h\u00e4r. P\u00e5 nerv\u00e4gen m\u00e4tte jag upp f\u00f6r en dubbelgrind i Kjula utanf\u00f6r E-tuna med. Man kunde ju tro att det skulle bli lugnt och sk\u00f6nt nu n\u00e4r sommaren kom och jag\u00a0ska till att g\u00e5\u00a0p\u00e5 sommarlov som sl\u00f6jd- och musikl\u00e4rare, men icke. Nu har alla \u00e5kt ut till sina sm\u00e5 stugor och kommit p\u00e5 att de vill ha en grind. Det ska bli riktigt kul nu n\u00e4r man har gott om tid och kan jobba p\u00e5. Jag l\u00e5g ig\u00e5r fm och gjorde f\u00f6rslag p\u00e5 n\u00e5gra grindar ute p\u00e5 de slipade klipporna i Lysekil. Hm f\u00e5r det vara s\u00e5 h\u00e4r sk\u00f6nt att jobba? Avbr\u00f6t mitt ritande med att samla drivved. H\u00e4r ska byggas sk\u00e5p i sommar!!<\/p>\n<p>I fredags var jag p\u00e5 Nordiska Museet med mina elever i\u00a06:an och tittade p\u00e5 uppbyggnaden av sommarsl\u00f6jdutst\u00e4llningen med &#8221;<a target=\"_blank\" href=\"http:\/\/www.nordiskamuseet.se\/makeframeset.asp?sUrl=http%3A\/\/www.nordiskamuseet.se\/publication.asp%3Fpublicationid%3D10257%26cat%3D191&amp;Cat=191&amp;catName=&amp;publicationid=10257\"  title=\"Nordiska Sommarsl\u00f6jd\">T\u00e4ljda figurer<\/a>&#8221;. Eleverna \u00e4r med och st\u00e4ller\u00a0\u00f6ver 70 figurer\u00a0d\u00e4r tillsammans med eleverna fr\u00e5n 3:an, 4:an och 5:an. De andra eleverna ska kolla i h\u00f6st. Vi har haft en l\u00e5ng och sp\u00e4nnande v\u00e5r med v\u00e5ra t\u00e4ljda figurer. De har jobbat i sm\u00e5grupper med 3-5 elever i varje grupp och utifr\u00e5n en inspiration diskuterat milj\u00f6er, karakt\u00e4rer, tidpunkt och \u00e5ldrar p\u00e5 figurerna.\u00a0Sedan har alla t\u00e4ljt en av\u00a0figurerna av lind i milj\u00f6n.\u00a0De har varit med i hela processen fr\u00e5n att klyva upp stockarna med spr\u00e4ckj\u00e4rn, limma \u00e4ndtr\u00e4et, torka, forma och f\u00e4rgs\u00e4tta med \u00e4ggoljetempera. Figurerna\u00a0fick v\u00e4ldigt starka uttryck och som en av eleverna sa p\u00e5 utv\u00e4rderingen: &#8221;Vet du, i en alldeles vanlig tr\u00e4bit kan det finnas en gubbe. Det g\u00e4ller bara att hitta den.&#8221;\u00a0<\/p>\n<p>Som sl\u00f6jdare, med en viss f\u00f6rk\u00e4rlek f\u00f6r tr\u00e4, s\u00e5\u00a0kan jag verkligen rekommendera utst\u00e4llningen p\u00e5 Nordiska som drar ig\u00e5ng i mitten av\u00a0juni till slutet av september! Det \u00e4r kul att se\u00a0det lekfulla sinnet hos m\u00e4nniskor\u00a0som t\u00e4ljer!\u00a0<\/p>\n<p>Nu ska jag strax hoppa in i min kokheta bil, veva ner rutorna och dundra p\u00e5 med blandade polskor p\u00e5 v\u00e4g ner till Orust. Jag \u00e5terkommer i kv\u00e4ll med lite mer bloggande.<\/p>\n<p>P\u00e5 \u00e5terseende<\/p>\n<p>Magnus, med bagagen full av drivved.<\/p>\n","protected":false},"excerpt":{"rendered":"<p>Hej p\u00e5 er. Ja d\u00e5 var det min tur att blogga lite. Premi\u00e4r f\u00f6r min del. Jag befinner mig just nu i Lysekil p\u00e5 v\u00e4stkusten. Jag ska strax ner till Orust och m\u00e4ta upp f\u00f6r en dubbelgrind och en enkelgrind. Passade p\u00e5 n\u00e4r jag bes\u00f6kte min familj h\u00e4r. P\u00e5 nerv\u00e4gen m\u00e4tte jag upp f\u00f6r en [&hellip;]<\/p>\n","protected":false},"author":65,"featured_media":0,"comment_status":"open","ping_status":"closed","sticky":false,"template":"","format":"standard","meta":[],"categories":[63],"tags":[],"_links":{"self":[{"href":"https:\/\/kravallslojd.se\/wordpress\/index.php?rest_route=\/wp\/v2\/posts\/540"}],"collection":[{"href":"https:\/\/kravallslojd.se\/wordpress\/index.php?rest_route=\/wp\/v2\/posts"}],"about":[{"href":"https:\/\/kravallslojd.se\/wordpress\/index.php?rest_route=\/wp\/v2\/types\/post"}],"author":[{"embeddable":true,"href":"https:\/\/kravallslojd.se\/wordpress\/index.php?rest_route=\/wp\/v2\/users\/65"}],"replies":[{"embeddable":true,"href":"https:\/\/kravallslojd.se\/wordpress\/index.php?rest_route=%2Fwp%2Fv2%2Fcomments&post=540"}],"version-history":[{"count":0,"href":"https:\/\/kravallslojd.se\/wordpress\/index.php?rest_route=\/wp\/v2\/posts\/540\/revisions"}],"wp:attachment":[{"href":"https:\/\/kravallslojd.se\/wordpress\/index.php?rest_route=%2Fwp%2Fv2%2Fmedia&parent=540"}],"wp:term":[{"taxonomy":"category","embeddable":true,"href":"https:\/\/kravallslojd.se\/wordpress\/index.php?rest_route=%2Fwp%2Fv2%2Fcategories&post=540"},{"taxonomy":"post_tag","embeddable":true,"href":"https:\/\/kravallslojd.se\/wordpress\/index.php?rest_route=%2Fwp%2Fv2%2Ftags&post=540"}],"curies":[{"name":"wp","href":"https:\/\/api.w.org\/{rel}","templated":true}]}}