{"id":543,"date":"2008-06-09T20:17:31","date_gmt":"2008-06-09T18:17:31","guid":{"rendered":"http:\/\/kravallslojd.se\/bloggen\/?p=651"},"modified":"2008-06-09T20:17:31","modified_gmt":"2008-06-09T18:17:31","slug":"premiar-2","status":"publish","type":"post","link":"https:\/\/kravallslojd.se\/wordpress\/?p=543","title":{"rendered":"Premi\u00e4r"},"content":{"rendered":"<p>Jaha, s\u00e5 var det dags att debutera i detta forum. Jag som sitter bakom tangenterna denna vecka heter allts\u00e5 Ida och hoppas kunna bjuda p\u00e5 glimtar ur mitt eget liv och sl\u00f6jdande s\u00e5v\u00e4l som en gratis tripp till Hultsfredsfestivalen.<\/p>\n<p>N\u00e5gra ord om hur jag hamnade i det h\u00e4r med sl\u00f6jd kanske ocks\u00e5 kan vara p\u00e5 sin plats. Jag \u00e4r uppvuxen med sl\u00f6jdintresserade f\u00f6r\u00e4ldrar och har blivit medtagen, mer eller mindre frivilligt, p\u00e5 diverse utst\u00e4llningar och annat genom \u00e5ren. Jag har alltid tyckt om att pyssla och h\u00e5lla p\u00e5 med saker, har g\u00e5tt m\u00e5nga konst- och hantverksrelaterade kurser och alltid sytt en del. 1999 fick jag ett stipendium av l\u00e4nshemsl\u00f6jdskonsulenterna i V\u00e4rmland, ett stipendium som innebar att jag fick \u00e5ka p\u00e5 Nordiskt Ungdomsl\u00e4ger i hemsl\u00f6jd p\u00e5 Orust. D\u00e4r kom jag i kontakt med det d\u00e5 nystartade Riksf\u00f6rbundet Unga Sl\u00f6jdare, gick med, och har varit mer eller mindre aktiv i f\u00f6rbundet sedan dess.<br \/>\nF\u00f6rutom att jag sl\u00f6jdar sj\u00e4lv \u00e4r jag ocks\u00e5 en ganska flitig l\u00e4sare av olika bloggar, framf\u00f6r allt sl\u00f6jdrelaterade s\u00e5dana. Jag har ibland t\u00e4nkt att det vore roligt att ha en egen blogg, men inte kommit till skott och skaffat n\u00e5gon. Det h\u00e4r ska i alla fall bli intressant att prova p\u00e5, och vi f\u00e5r v\u00e4l se vad det kan leda till.\u00a0<\/p>\n<p>N\u00e5v\u00e4l, det b\u00f6rjar dra ihop sig till Hultsfredsfestival! Tidigt p\u00e5 onsdag morgon \u00e4r det dags att \u00e5ka och s\u00e5h\u00e4r dags p\u00e5 onsdag kv\u00e4ll \u00e4r vi f\u00f6rhoppningsvis p\u00e5 plats och har f\u00e5tt upp st\u00f6rre delar av sl\u00f6jdverkstan! Sex olika verkst\u00e4der ska det bli; tygtryck, \u00e5terbruk, knyppling\/broderi\/tovning\/virkning, smide, t\u00e4ljning och knuttimring. Ett ganska brett utbud av sl\u00f6jd f\u00f6r festivaldeltagarna, allts\u00e5.<\/p>\n<p>F\u00f6r att detta ska bli av kr\u00e4vs dock en liten arbetsinsats av mig nu. Jag har en del material i min k\u00e4llare som ska fraktas till Hultsfred och jag m\u00e5ste lasta in \u00e5tminstone en del av det i bilen nu ikv\u00e4ll, eftersom jag har lite annat att st\u00e5 i imorgon.<\/p>\n<p>P\u00e5 \u00e5terh\u00f6rande, allts\u00e5!<\/p>\n","protected":false},"excerpt":{"rendered":"<p>Jaha, s\u00e5 var det dags att debutera i detta forum. Jag som sitter bakom tangenterna denna vecka heter allts\u00e5 Ida och hoppas kunna bjuda p\u00e5 glimtar ur mitt eget liv och sl\u00f6jdande s\u00e5v\u00e4l som en gratis tripp till Hultsfredsfestivalen. N\u00e5gra ord om hur jag hamnade i det h\u00e4r med sl\u00f6jd kanske ocks\u00e5 kan vara p\u00e5 [&hellip;]<\/p>\n","protected":false},"author":66,"featured_media":0,"comment_status":"open","ping_status":"closed","sticky":false,"template":"","format":"standard","meta":[],"categories":[31],"tags":[],"_links":{"self":[{"href":"https:\/\/kravallslojd.se\/wordpress\/index.php?rest_route=\/wp\/v2\/posts\/543"}],"collection":[{"href":"https:\/\/kravallslojd.se\/wordpress\/index.php?rest_route=\/wp\/v2\/posts"}],"about":[{"href":"https:\/\/kravallslojd.se\/wordpress\/index.php?rest_route=\/wp\/v2\/types\/post"}],"author":[{"embeddable":true,"href":"https:\/\/kravallslojd.se\/wordpress\/index.php?rest_route=\/wp\/v2\/users\/66"}],"replies":[{"embeddable":true,"href":"https:\/\/kravallslojd.se\/wordpress\/index.php?rest_route=%2Fwp%2Fv2%2Fcomments&post=543"}],"version-history":[{"count":0,"href":"https:\/\/kravallslojd.se\/wordpress\/index.php?rest_route=\/wp\/v2\/posts\/543\/revisions"}],"wp:attachment":[{"href":"https:\/\/kravallslojd.se\/wordpress\/index.php?rest_route=%2Fwp%2Fv2%2Fmedia&parent=543"}],"wp:term":[{"taxonomy":"category","embeddable":true,"href":"https:\/\/kravallslojd.se\/wordpress\/index.php?rest_route=%2Fwp%2Fv2%2Fcategories&post=543"},{"taxonomy":"post_tag","embeddable":true,"href":"https:\/\/kravallslojd.se\/wordpress\/index.php?rest_route=%2Fwp%2Fv2%2Ftags&post=543"}],"curies":[{"name":"wp","href":"https:\/\/api.w.org\/{rel}","templated":true}]}}