{"id":544,"date":"2008-06-10T23:42:36","date_gmt":"2008-06-10T21:42:36","guid":{"rendered":"http:\/\/kravallslojd.se\/bloggen\/?p=653"},"modified":"2008-06-10T23:42:36","modified_gmt":"2008-06-10T21:42:36","slug":"om-en-nygammal-slojdverkstad-en-packad-vaska-och-en-stickad-stolpe","status":"publish","type":"post","link":"https:\/\/kravallslojd.se\/wordpress\/?p=544","title":{"rendered":"Om en nygammal sl\u00f6jdverkstad, en packad v\u00e4ska och en stickad stolpe."},"content":{"rendered":"<p>Nu b\u00f6rjar det n\u00e4rma sig. Packningen \u00e4r klar, tror jag \u00e5tminstone. Det \u00e4r lite sv\u00e5rt att s\u00e4ga eftersom jag bl a chattat, vikt tv\u00e4tt, \u00e4tit vindruvor och pratat i telefon samtidigt som jag packat\u2026 Jag har lite grann tappat kontrollen p\u00e5 vad som \u00e5kt ner i v\u00e4skan och inte, men det ordnar sig nog med det.<br \/>\nDagen har inneburit jobb, en del pyssel inf\u00f6r sl\u00f6jdverkstan s\u00e5d\u00e4r i sista minuten och fika och minigolf med n\u00e5gra arbetskamrater. Det har regnat lite och om jag f\u00f6rst\u00e5r r\u00e4tt \u00e4r det mer regn att v\u00e4nta de n\u00e4rmaste dagarna. Typiskt, nu n\u00e4r det varit fint s\u00e5 l\u00e4nge!<\/p>\n<p>Jag t\u00e4nkte ber\u00e4tta lite mer om sl\u00f6jdverkstan f\u00f6r de l\u00e4sare som inte k\u00e4nner till den. Den f\u00f6rsta sl\u00f6jdverkstan p\u00e5 Hultsfred arrangerades 1990 av Frode Falkenhaug, d\u00e5varande hemsl\u00f6jdskonsulent i \u00d6sterg\u00f6tland. Sl\u00f6jdverkstan \u00e5terkom 1992 och har sedan dess arrangerats varje \u00e5r. Genom \u00e5ren har arrangemanget vuxit sig st\u00f6rre och st\u00f6rre, och vi \u00e4r nu uppe i 24 handledare, varav 19 kommer fr\u00e5n RUS och fem fr\u00e5n Da Capo hantverksskola i Mariestad. Samarbetet med Da Capo inleddes f\u00f6rra \u00e5ret och har \u00e4n s\u00e5 l\u00e4nge resulterat i bl a en halv knuttimrad bajamaja&#8230;<br \/>\nUnder \u00e5ren 1992-2007 var Mats Pallin, \u00e4ven k\u00e4nd som Palle, hemsl\u00f6jdskonsulent i V\u00e4sterbotten, ansvarig f\u00f6r sl\u00f6jdverkstan. I \u00e5r \u00e4r allts\u00e5 f\u00f6rsta g\u00e5ngen som Riksf\u00f6rbundet Unga Sl\u00f6jdare p\u00e5 egen hand genomf\u00f6r verkstan. Det har inneburit att verkstan delvis beh\u00f6vt byggas upp p\u00e5 nytt, verktyg och material k\u00f6pas in, kontakter knytas och rutiner skapas. Det har varit en hel del jobb f\u00f6r oss som varit med i f\u00f6rberedelserna. Mycket jobb \u00e5terst\u00e5r fortfarande, men nu \u00e4r det bara den roligaste delen kvar!<\/p>\n<p>En blogg ska ju inneh\u00e5lla bilder ocks\u00e5, har jag h\u00f6rt. Eftersom jag haft datorhaveri under v\u00e5ren kommer jag inte \u00e5t n\u00e5gra bilder p\u00e5 min egen sl\u00f6jd. En del saker jag gjort finns p\u00e5 facebook, s\u00e5 den som \u00e4r medlem d\u00e4r kan kika in p\u00e5 min profil (l\u00e4nk nedan). Ist\u00e4llet blir det en bild av, mig veterligen, Faluns enda graffitisl\u00f6jd \u2013 en instickad lyktstolpe.<\/p>\n<p><a href=\"http:\/\/kravallslojd.se\/bloggen\/wp-content\/uploads\/2008\/06\/stp60445.JPG\"  title=\"Instickad lyktstolpe p\u00e5 Sv\u00e4rdsj\u00f6gatan i Falun\"><img decoding=\"async\" src=\"http:\/\/kravallslojd.se\/bloggen\/wp-content\/uploads\/2008\/06\/stp60445.tumnagel.JPG\" alt=\"Instickad lyktstolpe p\u00e5 Sv\u00e4rdsj\u00f6gatan i Falun\" \/><\/a><\/p>\n<p>Det \u00e4r inte jag som ligger bakom det h\u00e4r, men jag tycker om id\u00e9n. Det ser glatt och roligt ut och till skillnad fr\u00e5n vanligt klotter \u00e4r det ju enkelt att f\u00e5 bort, om man nu skulle vilja det. Mina egna erfarenheter str\u00e4cker sig \u00e4n s\u00e5 l\u00e4nge till ett i smyg broderat t\u00e5gs\u00e4te hos SJ, men jag har lite planer p\u00e5 att genomf\u00f6ra n\u00e5gon ullig vandalism liknande lyktstolpen fram\u00f6ver. H\u00e5ll utkik!<\/p>\n","protected":false},"excerpt":{"rendered":"<p>Nu b\u00f6rjar det n\u00e4rma sig. Packningen \u00e4r klar, tror jag \u00e5tminstone. Det \u00e4r lite sv\u00e5rt att s\u00e4ga eftersom jag bl a chattat, vikt tv\u00e4tt, \u00e4tit vindruvor och pratat i telefon samtidigt som jag packat\u2026 Jag har lite grann tappat kontrollen p\u00e5 vad som \u00e5kt ner i v\u00e4skan och inte, men det ordnar sig nog med [&hellip;]<\/p>\n","protected":false},"author":66,"featured_media":0,"comment_status":"open","ping_status":"closed","sticky":false,"template":"","format":"standard","meta":[],"categories":[31],"tags":[],"_links":{"self":[{"href":"https:\/\/kravallslojd.se\/wordpress\/index.php?rest_route=\/wp\/v2\/posts\/544"}],"collection":[{"href":"https:\/\/kravallslojd.se\/wordpress\/index.php?rest_route=\/wp\/v2\/posts"}],"about":[{"href":"https:\/\/kravallslojd.se\/wordpress\/index.php?rest_route=\/wp\/v2\/types\/post"}],"author":[{"embeddable":true,"href":"https:\/\/kravallslojd.se\/wordpress\/index.php?rest_route=\/wp\/v2\/users\/66"}],"replies":[{"embeddable":true,"href":"https:\/\/kravallslojd.se\/wordpress\/index.php?rest_route=%2Fwp%2Fv2%2Fcomments&post=544"}],"version-history":[{"count":0,"href":"https:\/\/kravallslojd.se\/wordpress\/index.php?rest_route=\/wp\/v2\/posts\/544\/revisions"}],"wp:attachment":[{"href":"https:\/\/kravallslojd.se\/wordpress\/index.php?rest_route=%2Fwp%2Fv2%2Fmedia&parent=544"}],"wp:term":[{"taxonomy":"category","embeddable":true,"href":"https:\/\/kravallslojd.se\/wordpress\/index.php?rest_route=%2Fwp%2Fv2%2Fcategories&post=544"},{"taxonomy":"post_tag","embeddable":true,"href":"https:\/\/kravallslojd.se\/wordpress\/index.php?rest_route=%2Fwp%2Fv2%2Ftags&post=544"}],"curies":[{"name":"wp","href":"https:\/\/api.w.org\/{rel}","templated":true}]}}