{"id":546,"date":"2008-06-12T11:49:08","date_gmt":"2008-06-12T09:49:08","guid":{"rendered":"http:\/\/kravallslojd.se\/bloggen\/?p=655"},"modified":"2008-06-12T11:49:08","modified_gmt":"2008-06-12T09:49:08","slug":"rapport-fran-en-knyppeldyna","status":"publish","type":"post","link":"https:\/\/kravallslojd.se\/wordpress\/?p=546","title":{"rendered":"Rapport fr\u00e5n en knyppeldyna"},"content":{"rendered":"<p><font face=\"Arial, sans-serif\"><font size=\"2\">N\u00e5gon mer onsdagsrapport blev det inte, som den uppm\u00e4rksamma l\u00e4saren redan noterat. Resan gick bra, s\u00e5 \u00e4ven uppbyggnaden av t\u00e4lten och verkst\u00e4derna, och nu \u00e4r vi ig\u00e5ng! Natten har varit bra med ganska god s\u00f6mn f\u00f6r de flesta verkar det som, och vi har b\u00f6rjat dagen med en stadig frukost, bl a den klassiska hultsfredsmackan med jordn\u00f6tssm\u00f6r och sylt. Festivalv\u00e4dret s\u00e5h\u00e4r l\u00e5ngt v\u00e4xlar mellan solsken och sm\u00e5 regnskurar. Hoppas p\u00e5 mer av det f\u00f6rra!<\/p>\n<p><\/font><\/font><\/p>\n<p><font face=\"Arial, sans-serif\"><font size=\"2\">Det \u00e4r i skrivande stund bara en kort stund tills festivalomr\u00e5det \u00f6ppnar. F\u00f6r n\u00e4rvarande \u00e4r verkst\u00e4derna bara befolkade av oss handledare, men f\u00f6rhoppningsvis blir det mer aktivitet inom kort. Vi har h\u00e4ngt upp v\u00e5ra banderoller kring verkstan och tagit plats i gr\u00e4set. Det huggs och smids, s\u00e5 vi har b\u00f6rjat f\u00f6ra lite ov\u00e4sen som kanske v\u00e4cker folks nyfikenhet. Jag h\u00e5ller som b\u00e4st p\u00e5 och \u00f6vningsknypplar, med m\u00e5let att kunna l\u00e4ra ut det senare under festivalen (ja ja, men man ska ju sikta h\u00f6gt). Jag \u00e4r stolt \u00e4gare till en knyppeldyna som jag hittills inte kunnat anv\u00e4nda, men nu n\u00e4r jag har tillg\u00e5ng till handledning hoppas jag att jag ska kunna komma ig\u00e5ng. Jag skulle vilja knyppla mig ett sk\u00e4rp av grov linvarp, men vi f\u00e5r v\u00e4l se vad jag hinner med under de h\u00e4r dagarna&#8230; Nu ska jag \u00e5terg\u00e5 till min verkstad. I n\u00e4sta inl\u00e4gg ska jag f\u00f6rs\u00f6ka visa n\u00e5gra bilder, s\u00e5 att ni f\u00e5r se hur vi har det!<\/font><\/font><\/p>\n","protected":false},"excerpt":{"rendered":"<p>N\u00e5gon mer onsdagsrapport blev det inte, som den uppm\u00e4rksamma l\u00e4saren redan noterat. Resan gick bra, s\u00e5 \u00e4ven uppbyggnaden av t\u00e4lten och verkst\u00e4derna, och nu \u00e4r vi ig\u00e5ng! Natten har varit bra med ganska god s\u00f6mn f\u00f6r de flesta verkar det som, och vi har b\u00f6rjat dagen med en stadig frukost, bl a den klassiska hultsfredsmackan [&hellip;]<\/p>\n","protected":false},"author":66,"featured_media":0,"comment_status":"open","ping_status":"closed","sticky":false,"template":"","format":"standard","meta":[],"categories":[31],"tags":[],"_links":{"self":[{"href":"https:\/\/kravallslojd.se\/wordpress\/index.php?rest_route=\/wp\/v2\/posts\/546"}],"collection":[{"href":"https:\/\/kravallslojd.se\/wordpress\/index.php?rest_route=\/wp\/v2\/posts"}],"about":[{"href":"https:\/\/kravallslojd.se\/wordpress\/index.php?rest_route=\/wp\/v2\/types\/post"}],"author":[{"embeddable":true,"href":"https:\/\/kravallslojd.se\/wordpress\/index.php?rest_route=\/wp\/v2\/users\/66"}],"replies":[{"embeddable":true,"href":"https:\/\/kravallslojd.se\/wordpress\/index.php?rest_route=%2Fwp%2Fv2%2Fcomments&post=546"}],"version-history":[{"count":0,"href":"https:\/\/kravallslojd.se\/wordpress\/index.php?rest_route=\/wp\/v2\/posts\/546\/revisions"}],"wp:attachment":[{"href":"https:\/\/kravallslojd.se\/wordpress\/index.php?rest_route=%2Fwp%2Fv2%2Fmedia&parent=546"}],"wp:term":[{"taxonomy":"category","embeddable":true,"href":"https:\/\/kravallslojd.se\/wordpress\/index.php?rest_route=%2Fwp%2Fv2%2Fcategories&post=546"},{"taxonomy":"post_tag","embeddable":true,"href":"https:\/\/kravallslojd.se\/wordpress\/index.php?rest_route=%2Fwp%2Fv2%2Ftags&post=546"}],"curies":[{"name":"wp","href":"https:\/\/api.w.org\/{rel}","templated":true}]}}