{"id":548,"date":"2008-06-23T11:24:48","date_gmt":"2008-06-23T09:24:48","guid":{"rendered":"http:\/\/kravallslojd.se\/bloggen\/?p=671"},"modified":"2008-06-23T11:24:48","modified_gmt":"2008-06-23T09:24:48","slug":"slojdteori-eller-filosofi","status":"publish","type":"post","link":"https:\/\/kravallslojd.se\/wordpress\/?p=548","title":{"rendered":"Sl\u00f6jdteori eller filosofi"},"content":{"rendered":"<p>Mitt livs f\u00f6rsta bloggerfarenhet har tagit sin b\u00f6rjan. Jag funderade p\u00e5 om jag skulle f\u00f6rs\u00f6ka h\u00e5lla mig till n\u00e5gon slags r\u00f6d tr\u00e5d. Efter fyra \u00e5r med diverse teoretiska universitetskurser \u00e4r jag h\u00e5rt akademiskt drillad, och d\u00e4r \u00e4r ju den evigt heliga kossan SYFTET! Vad kan s\u00e4gas vara syftet med den h\u00e4r veckans bloggande? Ett f\u00f6rs\u00f6k kan man ju alltid g\u00f6ra. Syftet \u00e4r att diskutera hur vissa best\u00e5ndsdelar i sl\u00f6jdens v\u00e4sen g\u00e5r igen i andra verksamheter, och faktiskt g\u00f6r dem b\u00e4ttre. Avgr\u00e4nsning: Vad jag anspelar p\u00e5 \u00e4r f\u00f6rm\u00e5gan att se helheter, att urskilja de viktiga komponenterna och kunna utforma n\u00e5got utifr\u00e5n ett r\u00e5material. <\/p>\n<p>N\u00e4r jag syr ett t\u00e4cke eller en skjorta m\u00e5ste jag <\/p>\n<p>1) a en vision om hur den ska se ut (helheten), <\/p>\n<p>2) veta vilka material och vilka m\u00e5tt jag beh\u00f6ver (komponenterna), och <\/p>\n<p>3) kunna s\u00e4tta samman punkt 1 och 2 till en f\u00e4rdig produkt (utformandet). <\/p>\n<p>Detta vill jag h\u00e4vda \u00e4r k\u00e4nnetecknande f\u00f6r all verksamhet. Om jag ska st\u00e4da mitt \u00fcberst\u00f6kiga k\u00f6k beh\u00f6ver jag <\/p>\n<p>1) ha en bild av hur snyggt och fr\u00e4scht det kommer att bli f\u00f6r att \u00f6verhuvudtaget kunna mana fram n\u00e5gon slags energi att ta tag i det, <\/p>\n<p>2) veta hur br\u00e5ttom jag har, om diskmedlet \u00e4r slut, och om det finns en anledning till att st\u00e4da, v\u00e4ntar kanske g\u00e4ster, och <\/p>\n<p>3) s\u00e4tta ihop punkt 1 och 2 f\u00f6r att f\u00e5 det gjort. <\/p>\n<p>Jag har m\u00e4rkt att om jag applicerar samma t\u00e4nk som jag anv\u00e4nder i hantverket p\u00e5 exempelvis en uppsats s\u00e5 inte bara blir den f\u00e4rdig i tid, den blir ocks\u00e5 betydligt mer strukturerad, tydlig med vart den syftar och rent praktiskt b\u00e4ttre arbetad och mer estetisk. \u00a0<\/p>\n<p>Ja, det var en blytung inledning, hoppas jag inte skr\u00e4mt iv\u00e4g er. Min dag verkar f\u00f6r \u00f6vrigt bli lugn och behaglig, ledig fr\u00e5n jobbet s\u00e5 en l\u00f6prunda kanske sitter p\u00e5 sin plats. Med f\u00f6ljande chokladkaka i soffan!<\/p>\n<p>Till imorgon<\/p>\n<p>\/ Petra<\/p>\n","protected":false},"excerpt":{"rendered":"<p>Mitt livs f\u00f6rsta bloggerfarenhet har tagit sin b\u00f6rjan. Jag funderade p\u00e5 om jag skulle f\u00f6rs\u00f6ka h\u00e5lla mig till n\u00e5gon slags r\u00f6d tr\u00e5d. Efter fyra \u00e5r med diverse teoretiska universitetskurser \u00e4r jag h\u00e5rt akademiskt drillad, och d\u00e4r \u00e4r ju den evigt heliga kossan SYFTET! Vad kan s\u00e4gas vara syftet med den h\u00e4r veckans bloggande? Ett f\u00f6rs\u00f6k [&hellip;]<\/p>\n","protected":false},"author":67,"featured_media":0,"comment_status":"open","ping_status":"closed","sticky":false,"template":"","format":"standard","meta":[],"categories":[77],"tags":[],"_links":{"self":[{"href":"https:\/\/kravallslojd.se\/wordpress\/index.php?rest_route=\/wp\/v2\/posts\/548"}],"collection":[{"href":"https:\/\/kravallslojd.se\/wordpress\/index.php?rest_route=\/wp\/v2\/posts"}],"about":[{"href":"https:\/\/kravallslojd.se\/wordpress\/index.php?rest_route=\/wp\/v2\/types\/post"}],"author":[{"embeddable":true,"href":"https:\/\/kravallslojd.se\/wordpress\/index.php?rest_route=\/wp\/v2\/users\/67"}],"replies":[{"embeddable":true,"href":"https:\/\/kravallslojd.se\/wordpress\/index.php?rest_route=%2Fwp%2Fv2%2Fcomments&post=548"}],"version-history":[{"count":0,"href":"https:\/\/kravallslojd.se\/wordpress\/index.php?rest_route=\/wp\/v2\/posts\/548\/revisions"}],"wp:attachment":[{"href":"https:\/\/kravallslojd.se\/wordpress\/index.php?rest_route=%2Fwp%2Fv2%2Fmedia&parent=548"}],"wp:term":[{"taxonomy":"category","embeddable":true,"href":"https:\/\/kravallslojd.se\/wordpress\/index.php?rest_route=%2Fwp%2Fv2%2Fcategories&post=548"},{"taxonomy":"post_tag","embeddable":true,"href":"https:\/\/kravallslojd.se\/wordpress\/index.php?rest_route=%2Fwp%2Fv2%2Ftags&post=548"}],"curies":[{"name":"wp","href":"https:\/\/api.w.org\/{rel}","templated":true}]}}