{"id":549,"date":"2008-06-24T20:34:03","date_gmt":"2008-06-24T18:34:03","guid":{"rendered":"http:\/\/kravallslojd.se\/bloggen\/?p=672"},"modified":"2008-06-24T20:34:03","modified_gmt":"2008-06-24T18:34:03","slug":"trott-bloggare","status":"publish","type":"post","link":"https:\/\/kravallslojd.se\/wordpress\/?p=549","title":{"rendered":"Tr\u00f6tt bloggare"},"content":{"rendered":"<p>En l\u00e5ng arbetsdag \u00e4r slut, och det \u00e4r jag ocks\u00e5. Man blir attans tr\u00f6tt av att vara trevlig, vilket s\u00e5 att s\u00e4ga ing\u00e5r i mina arbetsuppgifter som guide. Men jag t\u00e4nker ofta p\u00e5 hur lyxigt jag faktiskt har det. Min arbetsplats \u00e4r ett elisabetanskt slott, d\u00e4r jag f\u00e5r g\u00e5 kl\u00e4dd i v\u00e5dkjol med sl\u00e4p, g\u00f6rdel och cape, och \u00e4gna dagarna \u00e5t att prata med intresserade m\u00e4nniskor om husets historia, samt dessutom vara omgiven av gediget hantverk fr\u00e5n b\u00f6rjan till slut. Jag kan intyga att det blir betydligt roligare att st\u00e4da toaletten om rummet \u00e4r kl\u00e4tt med handgjort kakel och har vackert utsirade m\u00e4ssingskranar. <\/p>\n<p>Saker som museibes\u00f6kare ibland inte t\u00e4nker p\u00e5:<\/p>\n<p>? Guider och personal svarar mer \u00e4n g\u00e4rna p\u00e5 intresserade fr\u00e5gor, s\u00e5 om du m\u00e4rker att de i smyg sneglar p\u00e5 klockan eller l\u00e5ter lite forcerade i svaren, s\u00e5 \u00e4r de oftast inte otrevliga, utan har en tid att passa. <\/p>\n<p>? Om du har fr\u00e5gor, f\u00f6rs\u00f6k att formulera dem. D\u00e5 f\u00e5r du f\u00f6rmodligen svaret p\u00e5 det du undrar. Allts\u00e5 inte bara s\u00e4ga \u201dSk\u00e5psluckorna\u2026?\u201d utan faktiskt fundera p\u00e5 vad du vill veta om dem.<\/p>\n<p>? Museipersonalens eviga tjatande om att man inte f\u00e5r ta p\u00e5 saker \u00e4r inte f\u00f6r att de \u00e4r sm\u00e5aktiga, utan f\u00f6r att sakerna faktiskt \u00e4r gamla. Det \u00e4r klart att om en person tar p\u00e5 f\u00e5t\u00f6ljen s\u00e5 g\u00f6r det ingenting, men n\u00e4r 50\u00a0000 personer gjort det, s\u00e5 m\u00e4rks det. <\/p>\n<p>? Museipersonal innehar sitt jobb f\u00f6r att de \u00e4r genuint intresserade. (Oftast) Och bes\u00f6kare som g\u00f6r sig besv\u00e4ret att ta sig till museum, slott och utst\u00e4llningar \u00e4r intresserade. (Oftast). Det \u00e4r allts\u00e5 b\u00e4ddat f\u00f6r att kunna fungera ganska bra, med lite f\u00f6rst\u00e5else \u00e5t b\u00e5da h\u00e5ll!\u00a0<\/p>\n<p>Jag t\u00e4nkte sj\u00e4lv f\u00f6rs\u00f6ka bes\u00f6ka s\u00e5 m\u00e5nga intressanta bes\u00f6ksm\u00e5l som m\u00f6jligt i sommar, det har blivit f\u00f6r lite av den varan sista \u00e5ren. Har p\u00e5 ganska kort tid klarat av Sj\u00f6fartsmuseet i G\u00f6teborg (min gamla arbetsplats), Torpa Stenhus, Torsh\u00e4llas medeltida kyrka och Eketorps borg. T\u00e4nkte \u00e4ven hinna med k\u00e4rleksutst\u00e4llningen i Varberg, Lilla \u00c4ngg\u00e5rden i G\u00f6teborg, Radiostationen Grimeton, samt femtiotalsl\u00e4genheten som \u00e4r museum h\u00e4r i Kortedala, v\u00e5r egen g\u00f6teborgsstadsdel. <\/p>\n<p>Avst\u00e5r fr\u00e5n att ber\u00f6ra mitt pretenti\u00f6sa syfte ikv\u00e4ll, k\u00e4nner att kv\u00e4llen snarare manar till ryggl\u00e4ge i soffan. Min soffa med mig i kan ni se en bild p\u00e5 h\u00e4r, t\u00e4cket \u00e4r handsytt i mollskinn. Ett galenprojekt som slutf\u00f6rdes n\u00e4r jag var 17, men som fortfarande g\u00f6r mig glad n\u00e4r jag tittar p\u00e5 det!<\/p>\n<p><a href=\"http:\/\/kravallslojd.se\/bloggen\/wp-content\/uploads\/2008\/06\/lapputa.jpg\"  title=\"Petra i lappt\u00e4ckessoffan\"><img decoding=\"async\" src=\"http:\/\/kravallslojd.se\/bloggen\/wp-content\/uploads\/2008\/06\/lapputa.tumnagel.jpg\" alt=\"Petra i lappt\u00e4ckessoffan\" \/><\/a><\/p>\n","protected":false},"excerpt":{"rendered":"<p>En l\u00e5ng arbetsdag \u00e4r slut, och det \u00e4r jag ocks\u00e5. Man blir attans tr\u00f6tt av att vara trevlig, vilket s\u00e5 att s\u00e4ga ing\u00e5r i mina arbetsuppgifter som guide. Men jag t\u00e4nker ofta p\u00e5 hur lyxigt jag faktiskt har det. Min arbetsplats \u00e4r ett elisabetanskt slott, d\u00e4r jag f\u00e5r g\u00e5 kl\u00e4dd i v\u00e5dkjol med sl\u00e4p, g\u00f6rdel [&hellip;]<\/p>\n","protected":false},"author":67,"featured_media":0,"comment_status":"open","ping_status":"closed","sticky":false,"template":"","format":"standard","meta":[],"categories":[77],"tags":[],"_links":{"self":[{"href":"https:\/\/kravallslojd.se\/wordpress\/index.php?rest_route=\/wp\/v2\/posts\/549"}],"collection":[{"href":"https:\/\/kravallslojd.se\/wordpress\/index.php?rest_route=\/wp\/v2\/posts"}],"about":[{"href":"https:\/\/kravallslojd.se\/wordpress\/index.php?rest_route=\/wp\/v2\/types\/post"}],"author":[{"embeddable":true,"href":"https:\/\/kravallslojd.se\/wordpress\/index.php?rest_route=\/wp\/v2\/users\/67"}],"replies":[{"embeddable":true,"href":"https:\/\/kravallslojd.se\/wordpress\/index.php?rest_route=%2Fwp%2Fv2%2Fcomments&post=549"}],"version-history":[{"count":0,"href":"https:\/\/kravallslojd.se\/wordpress\/index.php?rest_route=\/wp\/v2\/posts\/549\/revisions"}],"wp:attachment":[{"href":"https:\/\/kravallslojd.se\/wordpress\/index.php?rest_route=%2Fwp%2Fv2%2Fmedia&parent=549"}],"wp:term":[{"taxonomy":"category","embeddable":true,"href":"https:\/\/kravallslojd.se\/wordpress\/index.php?rest_route=%2Fwp%2Fv2%2Fcategories&post=549"},{"taxonomy":"post_tag","embeddable":true,"href":"https:\/\/kravallslojd.se\/wordpress\/index.php?rest_route=%2Fwp%2Fv2%2Ftags&post=549"}],"curies":[{"name":"wp","href":"https:\/\/api.w.org\/{rel}","templated":true}]}}